{"id":338800,"date":"2025-08-23T15:40:11","date_gmt":"2025-08-23T15:40:11","guid":{"rendered":"https:\/\/www.europesays.com\/fr\/338800\/"},"modified":"2025-08-23T15:40:11","modified_gmt":"2025-08-23T15:40:11","slug":"comment-ladhesion-de-lukraine-a-lunion-europeenne-pourrait-lui-offrir-une-garantie-de-securite-lexpress","status":"publish","type":"post","link":"https:\/\/www.europesays.com\/fr\/338800\/","title":{"rendered":"Comment l\u2019adh\u00e9sion de l\u2019Ukraine \u00e0 l\u2019Union europ\u00e9enne pourrait lui offrir une garantie de s\u00e9curit\u00e9 \u2013 L&rsquo;Express"},"content":{"rendered":"<p class=\"paragraph article-body-paragraph article__item   article-body-paragraph--first \">\u00ab\u00a0Les dirigeants europ\u00e9ens ont \u00e9voqu\u00e9 les possibilit\u00e9s d\u2019\u00e9largissement [de l\u2019Union europ\u00e9enne] avec le pr\u00e9sident Trump et le pr\u00e9sident Zelensky, et ils ont soulign\u00e9 toute la pertinence du processus d\u2019adh\u00e9sion de l\u2019Ukraine\u00a0\u00bb, a d\u00e9clar\u00e9 ce jeudi 21 ao\u00fbt la porte-parole de la Commission europ\u00e9enne, Arianna Podest\u00e0, alors qu\u2019<a href=\"https:\/\/www.lexpress.fr\/monde\/europe\/ukraine-sommet-trilateral-a-venir-garanties-de-securite-ce-quil-faut-retenir-de-la-reunion-a-SGLI56GI6VDFBOMFISGJZXKNXY\/\" target=\"_blank\" rel=\"noreferrer nofollow noopener\" title=\"https:\/\/www.lexpress.fr\/monde\/europe\/ukraine-sommet-trilateral-a-venir-garanties-de-securite-ce-quil-faut-retenir-de-la-reunion-a-SGLI56GI6VDFBOMFISGJZXKNXY\/\">un sommet<\/a> a eu lieu ces derniers jours \u00e0 Washington pour avancer vers un accord de paix en Ukraine.<\/p>\n<p class=\"paragraph article-body-paragraph article__item   \">La priorit\u00e9 des Europ\u00e9ens \u00e9tait de pousser pour que des garanties de s\u00e9curit\u00e9 soient mises en place afin de dissuader de nouvelles acquisitions territoriales russes. Mais avec le blocage russo-am\u00e9ricain sur l\u2019implication militaire de l\u2019Otan dans ce conflit, un dispositif de s\u00e9curit\u00e9 ne serait pas mis en place sous l\u2019\u00e9gide de l\u2019Alliance atlantique mais bien d\u2019une coalition ad hoc de volontaires. Une premi\u00e8re option, \u00e0 plus long terme et compl\u00e9mentaire avec des solutions plus imm\u00e9diates incluant la participation des Etats-Unis, pourrait notamment \u00eatre l&rsquo;int\u00e9gration de l\u2019Ukraine au sein de l\u2019<a href=\"https:\/\/www.lexpress.fr\/monde\/europe\/droits-de-douane-quest-ce-que-linstrument-anti-coercition-larme-ultime-de-lue-face-aux-etats-unis-S2GJHKXZK5GFJFOG3R2EOBWCEE\/\" target=\"_blank\" rel=\"noreferrer nofollow noopener\" title=\"https:\/\/www.lexpress.fr\/monde\/europe\/droits-de-douane-quest-ce-que-linstrument-anti-coercition-larme-ultime-de-lue-face-aux-etats-unis-S2GJHKXZK5GFJFOG3R2EOBWCEE\/\">Union Europ\u00e9enne <\/a>(UE), la pla\u00e7ant ainsi sous le coup de la clause de d\u00e9fense mutuelle du bloc, comme l&rsquo;\u00e9voque le m\u00e9dia <a href=\"https:\/\/www.bloomberg.com\/news\/articles\/2025-08-22\/will-ukraine-join-the-eu-why-orban-s-opposition-prompted-call-from-trump\" target=\"_self\" rel=\"nofollow noopener\" title=\"https:\/\/www.bloomberg.com\/news\/articles\/2025-08-22\/will-ukraine-join-the-eu-why-orban-s-opposition-prompted-call-from-trump\">Bloomberg<\/a>  <\/p>\n<p><strong class=\"article-body-link-list__item text-gray-800 article-body-link-list__item--one-item\">LIRE AUSSI : <a class=\"article-body-link-list__item-link\" href=\"https:\/\/www.lexpress.fr\/monde\/logre-a-nos-portes-par-lambassadeur-dukraine-en-france-NHHREGETAVFK7AMMLKAVF2FKVA\/\" target=\"_blank\" rel=\"noreferrer nofollow noopener\">L\u2019ogre \u00e0 nos portes : l\u2019appel de l\u2019ambassadeur d\u2019Ukraine en France<\/a><\/strong><\/p>\n<p class=\"paragraph article-body-paragraph article__item   \">Cette clause, \u00e9nonc\u00e9e \u00e0 l\u2019article 42,7 du trait\u00e9 sur l\u2019UE, pr\u00e9cise que si un \u00c9tat membre est victime d\u2019une agression arm\u00e9e sur son territoire, les autres pays de l\u2019UE \u00ab\u00a0lui doivent aide et assistance par tous les moyens en leur pouvoir\u00a0\u00bb. Un accord similaire existe pour les membres de l\u2019Otan, bien que l\u2019alliance oblige uniquement ses membres \u00e0 prendre les mesures qu\u2019ils \u00ab\u00a0jugent n\u00e9cessaires\u00a0\u00bb. L&rsquo;article 42,7 n&rsquo;a \u00e9t\u00e9 invoqu\u00e9 qu&rsquo;une seule fois : par la France en 2015, \u00e0 la suite des attentats de Paris.<\/p>\n<p>Une opposition de la Hongrie<\/p>\n<p class=\"paragraph article-body-paragraph article__item   \">Depuis plusieurs ann\u00e9es, l\u2019adh\u00e9sion de l\u2019Ukraine \u00e0 l\u2019UE est un serpent de mer. En 2019 d\u00e9j\u00e0, le pays avait modifi\u00e9 sa constitution pour y inclure un objectif strat\u00e9gique : rejoindre l\u2019union politique et \u00e9conomique, ainsi que l\u2019Organisation du trait\u00e9 de l\u2019Atlantique Nord. Quelques jours seulement apr\u00e8s l\u2019invasion russe de f\u00e9vrier 2022, l\u2019Ukraine a officiellement d\u00e9pos\u00e9 sa demande d\u2019adh\u00e9sion \u00e0 l\u2019UE et obtenu le statut de candidat, pr\u00e8s de quatre mois plus tard. Le Conseil europ\u00e9en a ensuite convenu d\u2019ouvrir les n\u00e9gociations d\u2019adh\u00e9sion fin 2023, et les discussions ont d\u00e9but\u00e9 en juin dernier.<\/p>\n<p class=\"paragraph article-body-paragraph article__item   \">Car pour passer \u00e0 l\u2019\u00e9tape suivante, les Etats candidats doivent obtenir l\u2019approbation unanime des \u00c9tats membres actuels. Or, d\u00e8s le d\u00e9but des n\u00e9gociations, le Premier ministre hongrois Viktor Orban, qui avait fait <a href=\"https:\/\/www.lexpress.fr\/monde\/orban-poutine-ce-quil-faut-retenir-dune-rencontre-qui-embarrasse-lue-UXDUBFHOTBH4BFXPEPZIIQ42GU\/\" target=\"_blank\" rel=\"noreferrer nofollow noopener\" title=\"https:\/\/www.lexpress.fr\/monde\/orban-poutine-ce-quil-faut-retenir-dune-rencontre-qui-embarrasse-lue-UXDUBFHOTBH4BFXPEPZIIQ42GU\/\">une visite surprise \u00e0 Moscou<\/a>, a cherch\u00e9 \u00e0 bloquer l\u2019adh\u00e9sion de l\u2019Ukraine, tandis que les dirigeants europ\u00e9ens ont tent\u00e9 de faire pression sur Donald Trump, alli\u00e9 d\u2019Orban, pour faciliter le processus. Finalement absent lors du vote final, Viktor Orban n\u2019a pas pu s\u2019opposer au passage de l\u2019Ukraine \u00e0 la deuxi\u00e8me \u00e9tape, qui consiste en l\u2019alignement de sa politique \u00e0 celle de l\u2019UE, sur des valeurs fondamentales comme les institutions d\u00e9mocratiques et un pouvoir judiciaire ind\u00e9pendant, les r\u00e8gles du march\u00e9 int\u00e9rieur ou encore les politiques \u00e9cologiques ou li\u00e9es \u00e0 l\u2019agriculture.<\/p>\n<p><strong class=\"article-body-link-list__item text-gray-800 article-body-link-list__item--one-item\">LIRE AUSSI : <a class=\"article-body-link-list__item-link\" href=\"https:\/\/www.lexpress.fr\/idees-et-debats\/samuel-greene-kings-college-trump-et-poutine-ne-peuvent-pas-mettre-fin-a-la-guerre-sans-leurope-KVVA4G5LE5BYZKSAINWMDQOXOM\/\" target=\"_blank\" rel=\"noreferrer nofollow noopener\">Samuel Greene (King\u2019s College) : \u00ab\u00a0Trump et Poutine ne peuvent pas mettre fin \u00e0 la guerre sans l&rsquo;Europe\u00a0\u00bb<\/a><\/strong><\/p>\n<p class=\"paragraph article-body-paragraph article__item    article__text__endpicto\">L\u2019Ukraine esp\u00e9rait entamer des n\u00e9gociations sur trois de ces dimensions d\u2019ici juillet, et sur les autres d\u2019ici la fin de l\u2019ann\u00e9e. Le pr\u00e9sident <a href=\"https:\/\/www.lexpress.fr\/monde\/amerique\/guerre-en-ukraine-la-remontada-de-volodymyr-zelensky-demarre-a-la-maison-blanche-772GNXBB3FDRVGO3DEGURDKDZU\/\" target=\"_blank\" rel=\"noreferrer nofollow noopener\" title=\"https:\/\/www.lexpress.fr\/monde\/amerique\/guerre-en-ukraine-la-remontada-de-volodymyr-zelensky-demarre-a-la-maison-blanche-772GNXBB3FDRVGO3DEGURDKDZU\/\">Volodymyr Zelensky<\/a> avait \u00e9galement d\u00e9clar\u00e9 en juin que son pays avait besoin d\u2019une \u00ab\u00a0d\u00e9cision claire\u00a0\u00bb de l\u2019UE concernant l\u2019ouverture de ces n\u00e9gociations, car elle avait \u00ab\u00a0rempli toutes les conditions\u00a0\u00bb. Candidate parmi neuf pays, cette derni\u00e8re a pourtant encore des efforts \u00e0 faire, selon plusieurs observateurs : les scandales de corruption, notamment au sein de l\u2019arm\u00e9e, sont nombreux, et l\u2019int\u00e9grit\u00e9 du syst\u00e8me judiciaire, r\u00e9guli\u00e8rement cit\u00e9e par les entreprises \u00e9trang\u00e8res comme un obstacle \u00e0 l\u2019investissement, est une autre pr\u00e9occupation de l\u2019UE.<\/p>\n","protected":false},"excerpt":{"rendered":"\u00ab\u00a0Les dirigeants europ\u00e9ens ont \u00e9voqu\u00e9 les possibilit\u00e9s d\u2019\u00e9largissement [de l\u2019Union europ\u00e9enne] avec le pr\u00e9sident Trump et le pr\u00e9sident&hellip;\n","protected":false},"author":2,"featured_media":338801,"comment_status":"","ping_status":"","sticky":false,"template":"","format":"standard","meta":{"footnotes":""},"categories":[1586],"tags":[11,1777,674,1779,1011,27,74,12,25,1778,364],"class_list":{"0":"post-338800","1":"post","2":"type-post","3":"status-publish","4":"format-standard","5":"has-post-thumbnail","7":"category-europe","8":"tag-actualites","9":"tag-eu","10":"tag-europe","11":"tag-european-union","12":"tag-fr","13":"tag-france","14":"tag-monde","15":"tag-news","16":"tag-republique-francaise","17":"tag-ue","18":"tag-union-europeenne"},"share_on_mastodon":{"url":"https:\/\/pubeurope.com\/@fr\/115078838597744097","error":""},"_links":{"self":[{"href":"https:\/\/www.europesays.com\/fr\/wp-json\/wp\/v2\/posts\/338800","targetHints":{"allow":["GET"]}}],"collection":[{"href":"https:\/\/www.europesays.com\/fr\/wp-json\/wp\/v2\/posts"}],"about":[{"href":"https:\/\/www.europesays.com\/fr\/wp-json\/wp\/v2\/types\/post"}],"author":[{"embeddable":true,"href":"https:\/\/www.europesays.com\/fr\/wp-json\/wp\/v2\/users\/2"}],"replies":[{"embeddable":true,"href":"https:\/\/www.europesays.com\/fr\/wp-json\/wp\/v2\/comments?post=338800"}],"version-history":[{"count":0,"href":"https:\/\/www.europesays.com\/fr\/wp-json\/wp\/v2\/posts\/338800\/revisions"}],"wp:featuredmedia":[{"embeddable":true,"href":"https:\/\/www.europesays.com\/fr\/wp-json\/wp\/v2\/media\/338801"}],"wp:attachment":[{"href":"https:\/\/www.europesays.com\/fr\/wp-json\/wp\/v2\/media?parent=338800"}],"wp:term":[{"taxonomy":"category","embeddable":true,"href":"https:\/\/www.europesays.com\/fr\/wp-json\/wp\/v2\/categories?post=338800"},{"taxonomy":"post_tag","embeddable":true,"href":"https:\/\/www.europesays.com\/fr\/wp-json\/wp\/v2\/tags?post=338800"}],"curies":[{"name":"wp","href":"https:\/\/api.w.org\/{rel}","templated":true}]}}