{"id":338819,"date":"2025-08-23T15:53:11","date_gmt":"2025-08-23T15:53:11","guid":{"rendered":"https:\/\/www.europesays.com\/fr\/338819\/"},"modified":"2025-08-23T15:53:11","modified_gmt":"2025-08-23T15:53:11","slug":"angelique-angarni-filopon-sous-le-feu-des-critiques-a-cause-de-son-train-de-vie-rincez-vous-les-yeux","status":"publish","type":"post","link":"https:\/\/www.europesays.com\/fr\/338819\/","title":{"rendered":"Ang\u00e9lique Angarni-Filopon sous le feu des critiques \u00e0 cause de son train de vie, \u00ab\u00a0Rincez-vous les yeux\u00a0\u00bb"},"content":{"rendered":"<p>Le quotidien de Miss France est loin d\u2019\u00eatre de tout repos. Et ce<br \/>\nn\u2019est pas Ang\u00e9lique Angarni-Filopon qui dira le contraire. En<br \/>\nd\u00e9cembre dernier, la Miss Martinique a d\u00e9croch\u00e9 la couronne de<br \/>\nreine de beaut\u00e9. Un v\u00e9ritable conte de f\u00e9es pour cette derni\u00e8re.<br \/>\nCar, elle a pu r\u00e9aliser son r\u00eave malgr\u00e9 son \u00e2ge. D\u2019ailleurs, la<br \/>\njeune femme est devenue la plus vielle candidate \u00e0 remporter le<br \/>\nconcours de beaut\u00e9. Malheureusement, le conte de f\u00e9es n\u2019a pas dur\u00e9.<br \/>\nEn effet, peu de temps apr\u00e8s son sacre, <a href=\"https:\/\/www.melty.fr\/people\/miss-france-2025-en-larmes-face-aux-cameras-de-tf1-avoir-une-couleur-de-peau-qui-ne-plait-pas-2223040.html\" target=\"_blank\" rel=\"noopener\"><br \/>\nAng\u00e9lique Angarni-Filopon a \u00e9t\u00e9 la cible d\u2019une violente vague de<br \/>\ncritiques<\/a> sur les r\u00e9seaux sociaux. Face \u00e0 l\u2019ampleur de la<br \/>\nsituation, de nombreuses personnes n\u2019ont pas manqu\u00e9 de r\u00e9agir.<\/p>\n<p>La Miss France 2025 soutenue apr\u00e8s une vague de<br \/>\nharc\u00e8lement<\/p>\n<p>Sur les r\u00e9seaux sociaux, de nombreuses personnes n\u2019ont pas<br \/>\nmanqu\u00e9 d\u2019exprimer leur m\u00e9contentement suite au couronnement<br \/>\nd\u2019Ang\u00e9lique Angarni-Filopon. Et ce, de mani\u00e8re assez virulente.<br \/>\nFace \u00e0 cette vague de critiques, le pr\u00e9sident de la soci\u00e9t\u00e9 Miss<br \/>\nFrance a d\u00e9cid\u00e9 de r\u00e9agir. \u201cDepuis son \u00e9lection, <strong>elle<br \/>\nsubit une vague de harc\u00e8lement et de commentaires haineux sur les<br \/>\nr\u00e9seaux sociaux<\/strong>. La Soci\u00e9t\u00e9 Miss France condamne fermement<br \/>\nces propos. Ces commentaires injurieux n\u00a0\u00bbont pas leur place dans<br \/>\nnotre concours, pas plus que dans notre soci\u00e9t\u00e9 et seront tous<br \/>\nsignal\u00e9s aux autorit\u00e9s comp\u00e9tentes\u201d, avait-il confi\u00e9 dans un<br \/>\ncommuniqu\u00e9.<\/p>\n<p>L\u2019ancienne Miss France Eve Gilles n\u2019avait pas \u00e9galement manqu\u00e9<br \/>\nd\u2019apporter son soutien \u00e0 la jeune femme. D\u2019autant plus qu\u2019elle a<br \/>\n\u00e9galement travers\u00e9 la m\u00eame situation l\u2019ann\u00e9e derni\u00e8re.<br \/>\n\u201c<strong>Il faudra encore combien d\u2019ann\u00e9es \u00e0 ces gens pour<br \/>\nqu\u2019ils comprennent ce qu\u2019est le harc\u00e8lement ?<\/strong> Ang\u00e9lique<br \/>\nest et restera Miss France 2025. Et tous ceux qui ne sont pas<br \/>\nd\u2019accord, je vous invite \u00e0 la laisser tranquille !\u201d<\/p>\n<p>La jeune femme r\u00e9pond aux critiques<\/p>\n<p>Le r\u00e8gne d\u2019Ang\u00e9lique Angarni-Filopon se rapproche de la fin. En<br \/>\neffet, cette derni\u00e8re devra bient\u00f4t remettre sa couronne \u00e0 une<br \/>\nnouvelle miss. Mais avant de laisser la place \u00e0 une autre, <a href=\"https:\/\/www.melty.fr\/people\/grosse-frayeur-pour-angelique-angarni-filopon-miss-france-2025-sur-fort-boyard-jai-fait-une-petite-chute-2254994.html\" target=\"_blank\" rel=\"noopener\"><br \/>\ncelle qui a eu une grosse frayeur dans Fort Boyard<\/a> a d\u00e9cid\u00e9<br \/>\n<strong>de r\u00e9pondre \u00e0 ses d\u00e9tracteurs<\/strong> qui n\u2019h\u00e9sitent pas \u00e0<br \/>\npointer du doigt son \u00e2ge. \u201cOn rappelle sans cesse mon \u00e2ge\u2026<br \/>\n\u201d, a-t-elle commenc\u00e9 lors d\u2019une interview avec Gala.<\/p>\n<p>Par la suite, la Miss France a continu\u00e9 avec humour :<br \/>\n\u201c<strong>Je crois \u00eatre bien conserv\u00e9e ! C\u2019est jeune, 34<br \/>\nans.<\/strong> Il y a cinq ans seulement, j\u2019\u00e9tais dans la vingtaine.<br \/>\nIl y a dix ans, je me suis coup\u00e9 les cheveux, mais je ne veux pas<br \/>\nque l\u2019on me caract\u00e9rise par rapport \u00e0 \u00e7a, ni par rapport \u00e0 mon \u00e2ge,<br \/>\nparce que les deux ne me d\u00e9finissent pas.\u201d<\/p>\n<p>Ang\u00e9lique Angarni-Filopon attaqu\u00e9e pour<br \/>\nson train de vie<\/p>\n<p>Il n\u2019y a pas que l\u2019\u00e2ge d\u2019Ang\u00e9lique Arngarni-Filopon qui d\u00e9range.<br \/>\nCes derniers temps, <strong>la reine de beaut\u00e9 est critiqu\u00e9e sur<br \/>\nson train de vie<\/strong>. En effet, de nombreux internautes n\u2019ont<br \/>\npas appr\u00e9ci\u00e9 de savoir que la Miss France 2025 s\u2019est rendue \u00e0<br \/>\nSaint-Martin dans les Cara\u00efbes pour les vacances. Face aux<br \/>\ncritiques, cette derni\u00e8re n\u2019a pas manqu\u00e9 de r\u00e9pondre.<br \/>\n\u201c<strong>J\u2019ai conscience que ce que je montre n\u2019est peut-\u00eatre<br \/>\npas accessible \u00e0 tous (et \u00e0 toutes)<\/strong>, mais j\u2019ai plaisir \u00e0<br \/>\nvous montrer qu\u2019Ang\u00e9lique, 34 ans, n\u2019aurait jamais pens\u00e9 un jour<br \/>\npouvoir avoir acc\u00e8s \u00e0 toutes ces merveilles que la vie peut vous<br \/>\noffrir\u201d, a-t-elle d\u00e9clar\u00e9.<\/p>\n<p>Avant d\u2019ajouter : \u201cAlors oui, les nuits dans ces villas sont<br \/>\nco\u00fbteuses, mais j\u2019esp\u00e8re que vous aurez un jour les moyens pour<br \/>\nvous offrir cela. <strong>Donc, gardez les adresses, rincez-vous<br \/>\nles yeux<\/strong>, kiffez, parlez-en \u00e0 vos amis (pour y passer du<br \/>\ntemps en groupe). Mais esp\u00e9rez qu\u2019un jour tout cela vous arrive<br \/>\nsans envie, sans jalousie, sans rien d\u2019autre, juste avec le<br \/>\nc\u0153ur.\u201d<\/p>\n","protected":false},"excerpt":{"rendered":"Le quotidien de Miss France est loin d\u2019\u00eatre de tout repos. Et ce n\u2019est pas Ang\u00e9lique Angarni-Filopon qui&hellip;\n","protected":false},"author":2,"featured_media":338820,"comment_status":"","ping_status":"","sticky":false,"template":"","format":"standard","meta":{"footnotes":""},"categories":[1359],"tags":[43364,58,59,1011,27,973],"class_list":{"0":"post-338819","1":"post","2":"type-post","3":"status-publish","4":"format-standard","5":"has-post-thumbnail","7":"category-people","8":"tag-angelique-angarni-filopon","9":"tag-divertissement","10":"tag-entertainment","11":"tag-fr","12":"tag-france","13":"tag-people"},"share_on_mastodon":{"url":"https:\/\/pubeurope.com\/@fr\/115078889730894759","error":""},"_links":{"self":[{"href":"https:\/\/www.europesays.com\/fr\/wp-json\/wp\/v2\/posts\/338819","targetHints":{"allow":["GET"]}}],"collection":[{"href":"https:\/\/www.europesays.com\/fr\/wp-json\/wp\/v2\/posts"}],"about":[{"href":"https:\/\/www.europesays.com\/fr\/wp-json\/wp\/v2\/types\/post"}],"author":[{"embeddable":true,"href":"https:\/\/www.europesays.com\/fr\/wp-json\/wp\/v2\/users\/2"}],"replies":[{"embeddable":true,"href":"https:\/\/www.europesays.com\/fr\/wp-json\/wp\/v2\/comments?post=338819"}],"version-history":[{"count":0,"href":"https:\/\/www.europesays.com\/fr\/wp-json\/wp\/v2\/posts\/338819\/revisions"}],"wp:featuredmedia":[{"embeddable":true,"href":"https:\/\/www.europesays.com\/fr\/wp-json\/wp\/v2\/media\/338820"}],"wp:attachment":[{"href":"https:\/\/www.europesays.com\/fr\/wp-json\/wp\/v2\/media?parent=338819"}],"wp:term":[{"taxonomy":"category","embeddable":true,"href":"https:\/\/www.europesays.com\/fr\/wp-json\/wp\/v2\/categories?post=338819"},{"taxonomy":"post_tag","embeddable":true,"href":"https:\/\/www.europesays.com\/fr\/wp-json\/wp\/v2\/tags?post=338819"}],"curies":[{"name":"wp","href":"https:\/\/api.w.org\/{rel}","templated":true}]}}