{"id":338821,"date":"2025-08-23T15:54:11","date_gmt":"2025-08-23T15:54:11","guid":{"rendered":"https:\/\/www.europesays.com\/fr\/338821\/"},"modified":"2025-08-23T15:54:11","modified_gmt":"2025-08-23T15:54:11","slug":"les-photographies-poetiques-de-vincent-munier-au-jardin-de-bernadette","status":"publish","type":"post","link":"https:\/\/www.europesays.com\/fr\/338821\/","title":{"rendered":"les photographies po\u00e9tiques de Vincent Munier au jardin de Bernadette"},"content":{"rendered":"<p>\t\t\t<img loading=\"lazy\" width=\"930\" height=\"450\" src=\"https:\/\/www.europesays.com\/fr\/wp-content\/uploads\/2025\/08\/528826266_1168385248665126_1791286610124678011_n-e1755936892451.jpg\" class=\"attachment-apostrophe-2-featured size-apostrophe-2-featured wp-post-image\" alt=\"\" decoding=\"async\" data-attachment-id=\"294242\" data-permalink=\"https:\/\/remiremontvallees.com\/?attachment_id=294242\" data-orig-file=\"https:\/\/i0.wp.com\/remiremontvallees.com\/wp-content\/uploads\/2025\/08\/528826266_1168385248665126_1791286610124678011_n-e1755936892451.jpg?fit=705%2C470&amp;ssl=1\" data-orig-size=\"705,470\" data-comments-opened=\"1\" data-image-meta=\"{&quot;aperture&quot;:&quot;0&quot;,&quot;credit&quot;:&quot;&quot;,&quot;camera&quot;:&quot;&quot;,&quot;caption&quot;:&quot;&quot;,&quot;created_timestamp&quot;:&quot;0&quot;,&quot;copyright&quot;:&quot;&quot;,&quot;focal_length&quot;:&quot;0&quot;,&quot;iso&quot;:&quot;0&quot;,&quot;shutter_speed&quot;:&quot;0&quot;,&quot;title&quot;:&quot;&quot;,&quot;orientation&quot;:&quot;0&quot;}\" data-image-title=\"528826266_1168385248665126_1791286610124678011_n\" data-image-description=\"\" data-image-caption=\"\" data-medium-file=\"https:\/\/i0.wp.com\/remiremontvallees.com\/wp-content\/uploads\/2025\/08\/528826266_1168385248665126_1791286610124678011_n-e1755936892451.jpg?fit=300%2C200&amp;ssl=1\" data-large-file=\"https:\/\/i0.wp.com\/remiremontvallees.com\/wp-content\/uploads\/2025\/08\/528826266_1168385248665126_1791286610124678011_n-e1755936892451.jpg?fit=723%2C482&amp;ssl=1\"\/>\t\t<\/p>\n<p>Depuis le d\u00e9but du mois de juillet et jusqu\u2019au 31 d\u00e9cembre 2025, une s\u00e9rie de photographies du c\u00e9l\u00e8bre photographe vosgien Vincent Munier est \u00e0 d\u00e9couvrir au jardin de Bernadette.<\/p>\n<p>Cerfs, chouettes, lynx, grands t\u00e9tras, pics-noirs\u2026 Laissez-vous porter par la magie de la for\u00eat\u00a0!<\/p>\n<p><strong>\u00a0<\/strong><strong>Infos Pratiques\u00a0:<\/strong><\/p>\n<p>LES SENTIERS DE LA PHOTO<\/p>\n<p>1 Le Peupr\u00e9<\/p>\n<p>LE HAUT DU TOT \/ 88120\u00a0VAGNEY<\/p>\n<p><strong>Visite libre et gratuite de l\u2019aube au cr\u00e9puscule.<\/strong><\/p>\n<p>\u00a0<\/p>\n<p>\t\t\tPartager cet article sur le r\u00e9seau de votre choix :J\u2019aime \u00e7a\u00a0:<\/p>\n<p>J\u2019aime chargement\u2026<\/p>\n<p><a class=\"sd-link-color\"\/><\/p>\n<p>\n\tArticles similaires<\/p>\n","protected":false},"excerpt":{"rendered":"Depuis le d\u00e9but du mois de juillet et jusqu\u2019au 31 d\u00e9cembre 2025, une s\u00e9rie de photographies du c\u00e9l\u00e8bre&hellip;\n","protected":false},"author":2,"featured_media":338822,"comment_status":"","ping_status":"","sticky":false,"template":"","format":"standard","meta":{"footnotes":""},"categories":[1358],"tags":[1348,1384,1385,1386,58,59,1011,27],"class_list":{"0":"post-338821","1":"post","2":"type-post","3":"status-publish","4":"format-standard","5":"has-post-thumbnail","7":"category-arts-et-design","8":"tag-arts","9":"tag-arts-and-design","10":"tag-arts-et-design","11":"tag-design","12":"tag-divertissement","13":"tag-entertainment","14":"tag-fr","15":"tag-france"},"share_on_mastodon":{"url":"https:\/\/pubeurope.com\/@fr\/115078893630225672","error":""},"_links":{"self":[{"href":"https:\/\/www.europesays.com\/fr\/wp-json\/wp\/v2\/posts\/338821","targetHints":{"allow":["GET"]}}],"collection":[{"href":"https:\/\/www.europesays.com\/fr\/wp-json\/wp\/v2\/posts"}],"about":[{"href":"https:\/\/www.europesays.com\/fr\/wp-json\/wp\/v2\/types\/post"}],"author":[{"embeddable":true,"href":"https:\/\/www.europesays.com\/fr\/wp-json\/wp\/v2\/users\/2"}],"replies":[{"embeddable":true,"href":"https:\/\/www.europesays.com\/fr\/wp-json\/wp\/v2\/comments?post=338821"}],"version-history":[{"count":0,"href":"https:\/\/www.europesays.com\/fr\/wp-json\/wp\/v2\/posts\/338821\/revisions"}],"wp:featuredmedia":[{"embeddable":true,"href":"https:\/\/www.europesays.com\/fr\/wp-json\/wp\/v2\/media\/338822"}],"wp:attachment":[{"href":"https:\/\/www.europesays.com\/fr\/wp-json\/wp\/v2\/media?parent=338821"}],"wp:term":[{"taxonomy":"category","embeddable":true,"href":"https:\/\/www.europesays.com\/fr\/wp-json\/wp\/v2\/categories?post=338821"},{"taxonomy":"post_tag","embeddable":true,"href":"https:\/\/www.europesays.com\/fr\/wp-json\/wp\/v2\/tags?post=338821"}],"curies":[{"name":"wp","href":"https:\/\/api.w.org\/{rel}","templated":true}]}}