{"id":338823,"date":"2025-08-23T15:55:13","date_gmt":"2025-08-23T15:55:13","guid":{"rendered":"https:\/\/www.europesays.com\/fr\/338823\/"},"modified":"2025-08-23T15:55:13","modified_gmt":"2025-08-23T15:55:13","slug":"cedric-sapin-defour-lauteur-le-plus-attendu-de-la-rentree-avec-ou-les-etoiles-tombent-ecrire-maintenait-mathilde-en-vie","status":"publish","type":"post","link":"https:\/\/www.europesays.com\/fr\/338823\/","title":{"rendered":"C\u00e9dric Sapin-Defour, l&rsquo;auteur le plus attendu de la rentr\u00e9e avec \u00ab\u00a0O\u00f9 les \u00e9toiles tombent\u00a0\u00bb: \u00ab\u00a0\u00c9crire maintenait Mathilde en vie\u00a0\u00bb"},"content":{"rendered":"<p class=\"ap-StoryElement ap-StoryElement--mb js-paywall-target ap-StoryText\">On croise d&rsquo;ailleurs bri\u00e8vement Ubac (\u00ab\u00a0l&rsquo;incarnation du respect et de la libert\u00e9\u00a0\u00bb) dans O\u00f9 les \u00e9toiles tombent, journal d&rsquo;un accident \u2013 celui dont fut victime Mathilde, \u00e9pouse de C\u00e9dric Sapin-Defour, qui rate son envol en parapente et finit, fracass\u00e9e, dans un h\u00f4pital de Bolzano, dans le Nord de l&rsquo;Italie. El\u00e9gie \u00e0 l&rsquo;ador\u00e9e et chant d&rsquo;amour \u00e0 la nature, le livre entrecroise les deux passions de l&rsquo;auteur qui en reconna\u00eet pourtant une troisi\u00e8me \u2013 l&rsquo;\u00e9criture. \u00ab\u00a0L&rsquo;exp\u00e9rience de la montagne a \u00e9t\u00e9 tellement forte qu&rsquo;elle a inspir\u00e9 mon d\u00e9sir d&rsquo;\u00e9criture, explique-t-il. Je n&rsquo;ai rien trouv\u00e9 de mieux, lorsque je descendais de la montagne, qu&rsquo;\u00e9crire sur ce que j&rsquo;avais vu\u00a0\u00bb.<\/p>\n<p class=\"ap-StoryElement ap-StoryElement--mb ap-StoryText\"><b>O\u00f9 les \u00e9toiles tombent<\/b><b> para\u00eet deux ans \u00e0 peine apr\u00e8s <\/b><b>Son odeur apr\u00e8s la pluie<\/b><b>. Quand avez-vous travaill\u00e9 ce nouveau livre? Avant, apr\u00e8s ou pendant le succ\u00e8s de <\/b><b>Son odeur apr\u00e8s la pluie<\/b><b>? <\/b><\/p>\n<p class=\"ap-StoryElement ap-StoryElement--mb ap-StoryText\">En ao\u00fbt 2022, quand Mathilde a eu son accident, je n&rsquo;avais pas termin\u00e9 Son odeur apr\u00e8s la pluie. Continuer d&rsquo;\u00e9crire \u00e9tait inconcevable et presque ind\u00e9cent, mais c&rsquo;est Mathilde qui m&rsquo;a remis en selle pour finir le livre. \u00c0 ce moment-l\u00e0, j&rsquo;\u00e9tais dans la temp\u00eate, je n&rsquo;avais pas en t\u00eate d&rsquo;\u00e9crire sur l&rsquo;accident, il fallait plut\u00f4t accompagner la sortie de Son odeur apr\u00e8s la pluie tout en accompagnant Mathilde. En revanche, d\u00e8s le premier soir apr\u00e8s l&rsquo;accident, j&rsquo;ai noirci des carnets\u2026 En fait, j&rsquo;ai poursuivi un carnet de voyage que tenait Mathilde. Alors que tout allait dans le sens de sa disparition, \u00e9crire maintenait Mathilde en vie, j&rsquo;avais l&rsquo;impression que l&rsquo;\u00e9criture \u00e9tait le seul territoire o\u00f9 j&rsquo;avais encore la main. Quelques mois plus tard, le tout s&rsquo;est m\u00eal\u00e9 avec la satisfaction du succ\u00e8s de Son odeur apr\u00e8s la pluie. C&rsquo;\u00e9tait assez vertigineux\u2026 Dans une m\u00eame journ\u00e9e, je c\u00f4toyais la possibilit\u00e9 de survie de Mathilde et l&rsquo;enthousiasme des libraires et des lecteurs \u2013 et je vous l&rsquo;avoue, ceci \u00e9tait tr\u00e8s plaisant.<\/p>\n<p class=\"ap-StoryElement ap-StoryElement--mb ap-StoryText\"><b>Ce r\u00e9cit d&rsquo;un accident qui fait basculer votre histoire d&rsquo;amour a-t-il \u00e9t\u00e9 difficile ou facile \u00e0 \u00e9crire ?<\/b><\/p>\n<p class=\"ap-StoryElement ap-StoryElement--mb ap-StoryText\">D\u00e8s le d\u00e9part, c&rsquo;\u00e9tait une \u00e9vidence, mais je fais vraiment la distinction entre l&rsquo;acte d&rsquo;\u00e9crire, qui a jailli d\u00e8s le premier jour et qui \u00e9tait une n\u00e9cessit\u00e9, et l&rsquo;id\u00e9e de faire un livre. Dans les premiers mois, je n&rsquo;ai jamais envisag\u00e9 l&rsquo;id\u00e9e d&rsquo;un livre, je trouvais \u00e7a d\u00e9plac\u00e9. Et puis, il y a eu des discussions assez muscl\u00e9es \u00e0 l&rsquo;int\u00e9rieur de moi-m\u00eame, entre une partie de moi qui trouvait que c&rsquo;\u00e9tait inappropri\u00e9 et une autre qui commen\u00e7ait \u00e0 articuler des phrases et \u00e0 penser \u00e0 l&rsquo;id\u00e9e du livre. Mais le livre ne pouvait pas exister sans l&rsquo;approbation de Mathilde, c&rsquo;est plus qu&rsquo;une \u00e9vidence. Il n&#8217;emp\u00eache, je me pose la question: qu&rsquo;est-ce qui fait qu&rsquo;un auteur ressent le besoin de partager une histoire intime?<\/p>\n<p class=\"ap-StoryElement ap-StoryElement--mb ap-StoryText\"><b>Vous ne vous attendiez pas \u00e0 devoir, un jour, \u00e9voquer des moments intenses v\u00e9cus dans h\u00f4pital. Qu&rsquo;est-ce qui se passe dans votre t\u00eate au moment o\u00f9 vous \u00e9crivez ces sc\u00e8nes \u00e0 l&rsquo;h\u00f4pital de Bolzano ?<\/b><\/p>\n<p class=\"ap-StoryElement ap-StoryElement--mb ap-StoryText\">Je suis fascin\u00e9 par le fait qu&rsquo;au moment o\u00f9 on est en train d&rsquo;\u00e9crire, il y a une organisation de la pens\u00e9e, mais il y a une sorte de gen\u00e8se: je ne savais pas que j&rsquo;avais \u00e7a en t\u00eate et je ne savais pas que ce serait \u00e7a qui serait retenu. Quand on \u00e9crit sur des faits intimes, r\u00e9els et sur des exp\u00e9riences personnelles, on s&rsquo;attend \u00e0 ce que certains moments et certaines \u00e9motions rejaillissent comme des \u00e9vidences litt\u00e9raires, et en fait, ce n&rsquo;est pas \u00e7a qui vient, ce sont d&rsquo;autres moments.<\/p>\n<p class=\"ap-StoryElement ap-StoryElement--mb ap-StoryText\"><b>Que pensez-vous que les lecteurs et les lectrices ont trouv\u00e9 dans Son odeur apr\u00e8s la pluie?<\/b><\/p>\n<p class=\"ap-StoryElement ap-StoryElement--mb ap-StoryText\">Je pense qu&rsquo;ils et elles ont re\u00e7u le livre comme une courte \u00e9chelle ou comme un \u00e9lan pour pouvoir contrer le jugement m\u00e9prisant qu&rsquo;inspire la relation \u00e0 l&rsquo;animal. Face \u00e0 ce que leur renvoie la soci\u00e9t\u00e9, ils se sont dit que cette relation \u00e9tait quelque chose de plus \u00e9lev\u00e9 et de plus noble que simplement une chose ridicule ou mignonne. Ils se disent \u00ab\u00a0J&rsquo;ai le droit de dire que j&rsquo;aime mon animal, j&rsquo;ai le droit de dire que je suis terrass\u00e9 de tristesse quand il meurt\u00a0\u00bb. Ils et elles me disent souvent cette phrase \u2013 \u00ab\u00a0Votre histoire, c&rsquo;est mon histoire\u00a0\u00bb. J&rsquo;ai mesur\u00e9 que ce qui s\u00e9pare l&rsquo;intime de l&rsquo;universel est aussi fin qu&rsquo;une feuille de papier \u00e0 cigarettes.<\/p>\n<p class=\"ap-StoryElement ap-StoryElement--mb ap-StoryText\"><b>Apr\u00e8s un succ\u00e8s comme celui que vous avez connu, quelles ont \u00e9t\u00e9 les directives de votre \u00e9diteur ? <\/b><\/p>\n<p class=\"ap-StoryElement ap-StoryElement--mb ap-StoryText\">Il m&rsquo;a dit d&rsquo;\u00eatre libre. Le livre \u00e9tait pr\u00e9vu pour l&rsquo;ann\u00e9e prochaine, mais mon \u00e9diteur m&rsquo;a sugg\u00e9r\u00e9 de le finir et de le sortir maintenant. Il a eu raison. Comme souvent dans les histoires de traumatisme, il arrive un moment o\u00f9 on a envie de tourner la page, et il se peut que, dans quelques mois, je n&rsquo;ai plus la m\u00eame envie d&rsquo;accompagner ce livre et cette histoire. Peut-\u00eatre serais-je pass\u00e9 \u00e0 autre chose\u2026<\/p>\n<p class=\"ap-StoryElement ap-StoryElement--mb ap-StoryText\"><b>Comment appr\u00e9hendez-vous l&rsquo;accueil de ce nouveau livre ?<\/b><\/p>\n<p class=\"ap-StoryElement ap-StoryElement--mb ap-StoryText\">Je ne suis pas angoiss\u00e9, je ne suis pas d&rsquo;une nature craintive, je suis plut\u00f4t curieux\u2026 Mon \u00e9diteur ne sera pas d&rsquo;accord avec moi, mais mon objectif est atteint: Mathilde l&rsquo;a lu. Le reste, sans faire de mauvais jeu de mot, c&rsquo;est de la litt\u00e9rature.<\/p>\n<p class=\"ap-StoryElement ap-StoryElement--mb ap-StoryText\">RECIT<\/p>\n<p class=\"ap-StoryElement ap-StoryElement--mb ap-StoryText\">O\u00f9 les \u00e9toiles tombent, C\u00e9dric Sapin-Defour, Stock, 396 p.<\/p>\n<blockquote class=\"ap-StoryQuote ap-StoryQuote--blockquote\">\n<p class=\"ap-StoryQuote-text\">\u00ab\u00a0Je n&rsquo;ai rien trouv\u00e9 de mieux, lorsque je descendais de montagne, qu&rsquo;\u00e9crire sur ce que j&rsquo;avais vu\u00a0\u00bb<\/p>\n<\/blockquote>\n","protected":false},"excerpt":{"rendered":"On croise d&rsquo;ailleurs bri\u00e8vement Ubac (\u00ab\u00a0l&rsquo;incarnation du respect et de la libert\u00e9\u00a0\u00bb) dans O\u00f9 les \u00e9toiles tombent, journal&hellip;\n","protected":false},"author":2,"featured_media":338824,"comment_status":"","ping_status":"","sticky":false,"template":"","format":"standard","meta":{"footnotes":""},"categories":[1357],"tags":[1379,58,59,1011,27,47515,1380],"class_list":{"0":"post-338823","1":"post","2":"type-post","3":"status-publish","4":"format-standard","5":"has-post-thumbnail","7":"category-livres","8":"tag-books","9":"tag-divertissement","10":"tag-entertainment","11":"tag-fr","12":"tag-france","13":"tag-literature","14":"tag-livres"},"share_on_mastodon":{"url":"https:\/\/pubeurope.com\/@fr\/115078897623812483","error":""},"_links":{"self":[{"href":"https:\/\/www.europesays.com\/fr\/wp-json\/wp\/v2\/posts\/338823","targetHints":{"allow":["GET"]}}],"collection":[{"href":"https:\/\/www.europesays.com\/fr\/wp-json\/wp\/v2\/posts"}],"about":[{"href":"https:\/\/www.europesays.com\/fr\/wp-json\/wp\/v2\/types\/post"}],"author":[{"embeddable":true,"href":"https:\/\/www.europesays.com\/fr\/wp-json\/wp\/v2\/users\/2"}],"replies":[{"embeddable":true,"href":"https:\/\/www.europesays.com\/fr\/wp-json\/wp\/v2\/comments?post=338823"}],"version-history":[{"count":0,"href":"https:\/\/www.europesays.com\/fr\/wp-json\/wp\/v2\/posts\/338823\/revisions"}],"wp:featuredmedia":[{"embeddable":true,"href":"https:\/\/www.europesays.com\/fr\/wp-json\/wp\/v2\/media\/338824"}],"wp:attachment":[{"href":"https:\/\/www.europesays.com\/fr\/wp-json\/wp\/v2\/media?parent=338823"}],"wp:term":[{"taxonomy":"category","embeddable":true,"href":"https:\/\/www.europesays.com\/fr\/wp-json\/wp\/v2\/categories?post=338823"},{"taxonomy":"post_tag","embeddable":true,"href":"https:\/\/www.europesays.com\/fr\/wp-json\/wp\/v2\/tags?post=338823"}],"curies":[{"name":"wp","href":"https:\/\/api.w.org\/{rel}","templated":true}]}}