{"id":338825,"date":"2025-08-23T15:56:07","date_gmt":"2025-08-23T15:56:07","guid":{"rendered":"https:\/\/www.europesays.com\/fr\/338825\/"},"modified":"2025-08-23T15:56:07","modified_gmt":"2025-08-23T15:56:07","slug":"tiffanie-esposito-familles-nombreuses-quitte-le-domicile-avec-ses-7-enfants-olivier-reagit-elle-a-fait-le-choix-de-partir-purepeople","status":"publish","type":"post","link":"https:\/\/www.europesays.com\/fr\/338825\/","title":{"rendered":"Tiffanie Esposito (Familles nombreuses) quitte le domicile avec ses 7 enfants, Olivier r\u00e9agit : &quot;Elle a fait le choix de partir&quot; &#8211; Purepeople"},"content":{"rendered":"<ol>\n<li><a href=\"https:\/\/news.google.com\/rss\/articles\/CBMi-gFBVV95cUxPUld5VFR4azFNaWlGR1dZUVlEWmIzczNXc3M2TUY5MVI0S0Q0N1lKTnZlRFB1M3d4X2h4a1d2eWR6dkMxdFRKQ0RKZk5mSkZhQ0lENWV1ek45SHRtS3NUTUI0MnlNNDhLWlJISEpjNGU2SmpmUG1yQXJWYlV1YXhXWDZRdThPYUxlN2VHVnUxeEVLNHF6SDVLRlhHOVdJQjFFRF9MT1g5djZNd2hnWG9DaF9VSmd6M3VRZ3pWVTBUWHMxRFFjYy1HSFBnY284dUgyUmNaYXZzYmRHbzJPR280QTJvR2R2bXpqaHhMWHJWQXZKcWpnUjJDaGV3?oc=5\" target=\"_blank\" rel=\"nofollow noopener\">Tiffanie Esposito (Familles nombreuses) quitte le domicile avec ses 7 enfants, Olivier r\u00e9agit : \u00ab\u00a0Elle a fait le choix de partir\u00a0\u00bb<\/a>&nbsp;&nbsp;Purepeople<\/li>\n<li><a href=\"https:\/\/news.google.com\/rss\/articles\/CBMirwJBVV95cUxOODdOOFcySDlWTzBrbkhBS1FvcC1jUWVreWxoS2dDd3BYVDd2R3pyckJtcFNVNFpaRzdUSUZfWHl6S2ZTN2FabnB5TF9wLUpQMm9hQ0NxMjlYNnJRclJfM2syU0o5SHpCVHl4N01iTWVaOE9XbE05QTg2MTN6ZndrZFVteG1vcV8yd1lEZWF2cWRRMG43bjVKX1VfeE5tUHU3cXBUUjJJTzFSTjZuUl95TWJqbU9IdW5SR2RXNVM1SWNMWGZrZVlZclh1blBsRHlVa2s4QldFbDhyVzFuRkdZNkFGdjlWRTJfaGpkRmNwMENyWklCOFFWdWxxVmZvZkZ3M0pubDlZdGpPaTE5U3BhRFVJdFZpc3luUzdEVV9RRUJjcGV4Rm5fM0dMNWdQamc?oc=5\" target=\"_blank\" rel=\"nofollow noopener\">\u00ab\u00a0Elle a fait le choix de partir\u00a0\u00bb: Rien ne va plus entre Olivier et Tiffanie Esposito (Familles nombreuses), il confirme leur s\u00e9paration et lui lance un appel<\/a>&nbsp;&nbsp;programme-tv.net<\/li>\n<li><a href=\"https:\/\/news.google.com\/rss\/articles\/CBMicEFVX3lxTFBaX1pCU3hWX3ZzUDVwWGNiU3V6TWthSTZjLS1IdU1qWXQxNG84aUxBdW9YTmUyelJDVXRNLTZlYV9YMVBNUzFlSm9XV1h2RVMwQ1lWZnVteVo1aktsdDdsT0VlNGVfdm1xVGk3MnlUMUY?oc=5\" target=\"_blank\" rel=\"nofollow noopener\">Familles nombreuses : \u201cJe traverse une p\u00e9riode tr\u00e8s difficile\u201d, \u00e7a va mal pour Tiffanie Esposito<\/a>&nbsp;&nbsp;AlloCin\u00e9<\/li>\n<li><a href=\"https:\/\/news.google.com\/rss\/articles\/CBMi2AFBVV95cUxQQ1IxazZEYkJ3TXZxSFlhemRzam1QWWNDR0l0TXgxalBiZWdQUEdBWVRGM3FUZTdUVFZNRVpybXNQN053aUhYQVk2NWxnYlJ3YW83YWkxLVMtRmsxaUJOLUZHdHB3U0YxdW5QWWczeEczemdGemNyQ3RycnJjTWxlNnNzQlVvNnhOQWhEbDdGZnY2QXNfUldrNFVja1dWQldzOVg0SDZKWHhyVHFxTV9RWklXRHJjc0tUQTFfa18xRFNRYXBOTVZJT19xNGc4Zlo5aTd4ZzhIcFc?oc=5\" target=\"_blank\" rel=\"nofollow noopener\">Tiffanie Esposito (Familles nombreuses) s\u00e9par\u00e9e ? Sa triste annonce qui inqui\u00e8te sa communaut\u00e9<\/a>&nbsp;&nbsp;T\u00e9l\u00e9 2 semaines<\/li>\n<li><a href=\"https:\/\/news.google.com\/rss\/articles\/CBMi3AFBVV95cUxPRV85ZWpqR0VnYjh0Sk1uYTdYS3F5d1JlSG5uYlJPMkVxRlBkV1paOGFIYjFWTEtlNlAtSXpjOUJCS1NHNVVwVUNTX0g4ZUJTbVA5dHdibHFFUHhyUFZxVGhET0ZiRzVJRm1nUjM4SUpMUWFpa3M0bFhqSU1IOEo4M0xWYy1RVDBycDhCTGwzVmlPM0tENzlqaFVZR0lSREhyUnBMMVVxQVZPTklxVDhULXhQTWtNT3c4UmE2RmZ3SENZbWlqdkc0aGdNeE9EV2NNUkIwdUlXUzBBa0JO?oc=5\" target=\"_blank\" rel=\"nofollow noopener\">Familles nombreuses : rien ne va plus chez les Esposito, Tiffanie est partie de la maison avec les enfants<\/a>&nbsp;&nbsp;Voici<\/li>\n<\/ol>\n","protected":false},"excerpt":{"rendered":"Tiffanie Esposito (Familles nombreuses) quitte le domicile avec ses 7 enfants, Olivier r\u00e9agit : \u00ab\u00a0Elle a fait le&hellip;\n","protected":false},"author":2,"featured_media":1445,"comment_status":"","ping_status":"","sticky":false,"template":"","format":"standard","meta":{"footnotes":""},"categories":[1356],"tags":[58,59,1011,27,252,1364],"class_list":{"0":"post-338825","1":"post","2":"type-post","3":"status-publish","4":"format-standard","5":"has-post-thumbnail","7":"category-television","8":"tag-divertissement","9":"tag-entertainment","10":"tag-fr","11":"tag-france","12":"tag-television","13":"tag-tv"},"share_on_mastodon":{"url":"https:\/\/pubeurope.com\/@fr\/115078901976000802","error":""},"_links":{"self":[{"href":"https:\/\/www.europesays.com\/fr\/wp-json\/wp\/v2\/posts\/338825","targetHints":{"allow":["GET"]}}],"collection":[{"href":"https:\/\/www.europesays.com\/fr\/wp-json\/wp\/v2\/posts"}],"about":[{"href":"https:\/\/www.europesays.com\/fr\/wp-json\/wp\/v2\/types\/post"}],"author":[{"embeddable":true,"href":"https:\/\/www.europesays.com\/fr\/wp-json\/wp\/v2\/users\/2"}],"replies":[{"embeddable":true,"href":"https:\/\/www.europesays.com\/fr\/wp-json\/wp\/v2\/comments?post=338825"}],"version-history":[{"count":0,"href":"https:\/\/www.europesays.com\/fr\/wp-json\/wp\/v2\/posts\/338825\/revisions"}],"wp:featuredmedia":[{"embeddable":true,"href":"https:\/\/www.europesays.com\/fr\/wp-json\/wp\/v2\/media\/1445"}],"wp:attachment":[{"href":"https:\/\/www.europesays.com\/fr\/wp-json\/wp\/v2\/media?parent=338825"}],"wp:term":[{"taxonomy":"category","embeddable":true,"href":"https:\/\/www.europesays.com\/fr\/wp-json\/wp\/v2\/categories?post=338825"},{"taxonomy":"post_tag","embeddable":true,"href":"https:\/\/www.europesays.com\/fr\/wp-json\/wp\/v2\/tags?post=338825"}],"curies":[{"name":"wp","href":"https:\/\/api.w.org\/{rel}","templated":true}]}}