{"id":338826,"date":"2025-08-23T15:57:13","date_gmt":"2025-08-23T15:57:13","guid":{"rendered":"https:\/\/www.europesays.com\/fr\/338826\/"},"modified":"2025-08-23T15:57:13","modified_gmt":"2025-08-23T15:57:13","slug":"chino-moreno-enterre-definitivement-lalbum-eros-de-deftones","status":"publish","type":"post","link":"https:\/\/www.europesays.com\/fr\/338826\/","title":{"rendered":"Chino Moreno enterre d\u00e9finitivement l\u2019album Eros de Deftones"},"content":{"rendered":"<p><strong>Chino Moreno a confirm\u00e9 que l\u2019album oubli\u00e9 de <a href=\"https:\/\/www.metalzone.fr\/deftones\/\" rel=\"nofollow noopener\" target=\"_blank\">Deftones<\/a>, Eros, restera probablement \u00e0 jamais in\u00e9dit, au moment m\u00eame o\u00f9 le groupe publie son nouveau disque Private Music et se pr\u00e9pare \u00e0 une tourn\u00e9e mondiale.<\/strong><\/p>\n<p>Chino Moreno ferme la porte \u00e0 Eros<\/p>\n<p>Dans un entretien accord\u00e9 \u00e0 <a href=\"https:\/\/www.theguardian.com\/music\/2025\/aug\/21\/deftones-singer-chino-moreno-ive-got-hundreds-of-drawings-of-myself-in-my-house\" target=\"_blank\" rel=\"nofollow noopener\">The Guardian<\/a>, le chanteur a clarifi\u00e9 l\u2019avenir du myst\u00e9rieux Eros, enregistr\u00e9 en 2007 avec le producteur Terry Date mais abandonn\u00e9 suite \u00e0 l\u2019accident de voiture de Chi Cheng en novembre 2008. L\u2019ancien bassiste, plong\u00e9 dans le coma jusqu\u2019\u00e0 son d\u00e9c\u00e8s en 2013, avait laiss\u00e9 ses derni\u00e8res lignes de basse sur ces sessions. Pour beaucoup, cet album repr\u00e9sente un chapitre inachev\u00e9 de l\u2019histoire du groupe.<\/p>\n<p>Moreno explique sans d\u00e9tour : \u201cOn nous pose toujours des questions sur Eros. Il ne verra probablement jamais le jour. Revenir sur cette p\u00e9riode et ressusciter des choses inachev\u00e9es pour les compl\u00e9ter n\u2019aurait pas de sens. La seule chanson vraiment avanc\u00e9e \u00e9tait Dallas.\u201d Selon lui, rouvrir ces archives ne correspond plus \u00e0 la dynamique actuelle des musiciens. En 2014, un extrait intitul\u00e9 Smile avait bri\u00e8vement circul\u00e9 sur YouTube avant d\u2019\u00eatre retir\u00e9, rappelant que ce disque restera probablement un souvenir fig\u00e9.<\/p>\n<p>Un nouveau chapitre avec Private Music<\/p>\n<p>Sorti le 22 ao\u00fbt, Private Music marque le retour studio des Californiens cinq ans apr\u00e8s Ohms. L\u2019album, port\u00e9 par des singles tels que My Mind Is a Mountain et Milk of the Madonna, figure d\u00e9j\u00e0 dans la playlist <a href=\"https:\/\/www.metalzone.fr\/news\/219870-metal-hebdo-22-08-2025\/\" target=\"_blank\" rel=\"noopener nofollow\">Metal Hebdo<\/a> de MetalZone. Il inclut les contributions de Fred Sablan, d\u00e9sormais bassiste officiel du groupe, et refl\u00e8te l\u2019envie des musiciens de saisir l\u2019instant pr\u00e9sent plut\u00f4t que de revisiter leur pass\u00e9.<\/p>\n<p>Dans une interview relay\u00e9e <a href=\"https:\/\/www.metalzone.fr\/news\/219847-chino-moreno-deftones-sait-pas-pourquoi-stephen-carpenter-refuse-tournees-etranger\/\" target=\"_blank\" rel=\"noopener nofollow\">ici<\/a>, Moreno insistait d\u00e9j\u00e0 sur cette volont\u00e9 de se projeter vers l\u2019avenir, malgr\u00e9 les absences ponctuelles du guitariste Stephen Carpenter hors Am\u00e9rique du Nord. Cette vision se retrouve pleinement dans le ton de ce nouveau disque.<\/p>\n<p>Une tourn\u00e9e internationale en perspective<\/p>\n<p>Le groupe accompagne cette sortie par une s\u00e9rie de concerts en Am\u00e9rique du Nord, qui s\u2019ach\u00e8vera le 20 septembre au festival Louder Than Life. Trois festivals suivront, dont le traditionnel Dia De Los Deftones \u00e0 San Diego le 1er novembre. Une tourn\u00e9e europ\u00e9enne est pr\u00e9vue pour 2026, avec des passages attendus en France, en Belgique et en Suisse.<\/p>\n<p>Si Eros restera une \u00e9nigme, Deftones poursuit donc son histoire avec une \u00e9nergie renouvel\u00e9e, port\u00e9e par un disque qui t\u00e9moigne de sa cr\u00e9ativit\u00e9 actuelle.<\/p>\n","protected":false},"excerpt":{"rendered":"Chino Moreno a confirm\u00e9 que l\u2019album oubli\u00e9 de Deftones, Eros, restera probablement \u00e0 jamais in\u00e9dit, au moment m\u00eame&hellip;\n","protected":false},"author":2,"featured_media":338827,"comment_status":"","ping_status":"","sticky":false,"template":"","format":"standard","meta":{"footnotes":""},"categories":[1355],"tags":[58,59,1011,27,1361,873],"class_list":{"0":"post-338826","1":"post","2":"type-post","3":"status-publish","4":"format-standard","5":"has-post-thumbnail","7":"category-musique","8":"tag-divertissement","9":"tag-entertainment","10":"tag-fr","11":"tag-france","12":"tag-music","13":"tag-musique"},"share_on_mastodon":{"url":"https:\/\/pubeurope.com\/@fr\/115078905440440051","error":""},"_links":{"self":[{"href":"https:\/\/www.europesays.com\/fr\/wp-json\/wp\/v2\/posts\/338826","targetHints":{"allow":["GET"]}}],"collection":[{"href":"https:\/\/www.europesays.com\/fr\/wp-json\/wp\/v2\/posts"}],"about":[{"href":"https:\/\/www.europesays.com\/fr\/wp-json\/wp\/v2\/types\/post"}],"author":[{"embeddable":true,"href":"https:\/\/www.europesays.com\/fr\/wp-json\/wp\/v2\/users\/2"}],"replies":[{"embeddable":true,"href":"https:\/\/www.europesays.com\/fr\/wp-json\/wp\/v2\/comments?post=338826"}],"version-history":[{"count":0,"href":"https:\/\/www.europesays.com\/fr\/wp-json\/wp\/v2\/posts\/338826\/revisions"}],"wp:featuredmedia":[{"embeddable":true,"href":"https:\/\/www.europesays.com\/fr\/wp-json\/wp\/v2\/media\/338827"}],"wp:attachment":[{"href":"https:\/\/www.europesays.com\/fr\/wp-json\/wp\/v2\/media?parent=338826"}],"wp:term":[{"taxonomy":"category","embeddable":true,"href":"https:\/\/www.europesays.com\/fr\/wp-json\/wp\/v2\/categories?post=338826"},{"taxonomy":"post_tag","embeddable":true,"href":"https:\/\/www.europesays.com\/fr\/wp-json\/wp\/v2\/tags?post=338826"}],"curies":[{"name":"wp","href":"https:\/\/api.w.org\/{rel}","templated":true}]}}