{"id":338830,"date":"2025-08-23T15:59:10","date_gmt":"2025-08-23T15:59:10","guid":{"rendered":"https:\/\/www.europesays.com\/fr\/338830\/"},"modified":"2025-08-23T15:59:10","modified_gmt":"2025-08-23T15:59:10","slug":"un-cycliste-grievement-blesse-apres-une-chute-a-luceram","status":"publish","type":"post","link":"https:\/\/www.europesays.com\/fr\/338830\/","title":{"rendered":"Un cycliste gri\u00e8vement bless\u00e9 apr\u00e8s une chute \u00e0 Luc\u00e9ram"},"content":{"rendered":"<p>L\u2019h\u00e9licopt\u00e8re du Samu 06 et les pompiers sont intervenus \u00e0 Luc\u00e9ram peu apr\u00e8s 12 heures ce samedi 23 ao\u00fbt pour un cycliste victime d\u2019un accident. La victime a percut\u00e9 un rocher.<\/p>\n<p>Transf\u00e9r\u00e9 en r\u00e9animation<\/p>\n<p>Il faisait partie d\u2019un groupe de cyclistes. \u00c2g\u00e9 de 35 ans, il a \u00e9t\u00e9 m\u00e9dicalis\u00e9 sur place par le Samu, avant d\u2019\u00eatre transf\u00e9r\u00e9 en r\u00e9animation \u00e0 l\u2019h\u00f4pital Pasteur 2 \u00e0 Nice.<\/p>\n<p>Le cycliste est polytraumatis\u00e9.<\/p>\n","protected":false},"excerpt":{"rendered":"L\u2019h\u00e9licopt\u00e8re du Samu 06 et les pompiers sont intervenus \u00e0 Luc\u00e9ram peu apr\u00e8s 12 heures ce samedi 23&hellip;\n","protected":false},"author":2,"featured_media":338831,"comment_status":"","ping_status":"","sticky":false,"template":"","format":"standard","meta":{"footnotes":""},"categories":[10],"tags":[118,1011,27,72,71],"class_list":{"0":"post-338830","1":"post","2":"type-post","3":"status-publish","4":"format-standard","5":"has-post-thumbnail","7":"category-sante","8":"tag-faits-divers","9":"tag-fr","10":"tag-france","11":"tag-health","12":"tag-sante"},"share_on_mastodon":{"url":"https:\/\/pubeurope.com\/@fr\/115078913344866723","error":""},"_links":{"self":[{"href":"https:\/\/www.europesays.com\/fr\/wp-json\/wp\/v2\/posts\/338830","targetHints":{"allow":["GET"]}}],"collection":[{"href":"https:\/\/www.europesays.com\/fr\/wp-json\/wp\/v2\/posts"}],"about":[{"href":"https:\/\/www.europesays.com\/fr\/wp-json\/wp\/v2\/types\/post"}],"author":[{"embeddable":true,"href":"https:\/\/www.europesays.com\/fr\/wp-json\/wp\/v2\/users\/2"}],"replies":[{"embeddable":true,"href":"https:\/\/www.europesays.com\/fr\/wp-json\/wp\/v2\/comments?post=338830"}],"version-history":[{"count":0,"href":"https:\/\/www.europesays.com\/fr\/wp-json\/wp\/v2\/posts\/338830\/revisions"}],"wp:featuredmedia":[{"embeddable":true,"href":"https:\/\/www.europesays.com\/fr\/wp-json\/wp\/v2\/media\/338831"}],"wp:attachment":[{"href":"https:\/\/www.europesays.com\/fr\/wp-json\/wp\/v2\/media?parent=338830"}],"wp:term":[{"taxonomy":"category","embeddable":true,"href":"https:\/\/www.europesays.com\/fr\/wp-json\/wp\/v2\/categories?post=338830"},{"taxonomy":"post_tag","embeddable":true,"href":"https:\/\/www.europesays.com\/fr\/wp-json\/wp\/v2\/tags?post=338830"}],"curies":[{"name":"wp","href":"https:\/\/api.w.org\/{rel}","templated":true}]}}