{"id":338834,"date":"2025-08-23T16:01:10","date_gmt":"2025-08-23T16:01:10","guid":{"rendered":"https:\/\/www.europesays.com\/fr\/338834\/"},"modified":"2025-08-23T16:01:10","modified_gmt":"2025-08-23T16:01:10","slug":"rares-photos-et-belle-declaration","status":"publish","type":"post","link":"https:\/\/www.europesays.com\/fr\/338834\/","title":{"rendered":"rares photos et belle d\u00e9claration"},"content":{"rendered":"<p class=\"intro\">Jack Blues Bieber, le fils de Justin et Hailey Bieber, a f\u00eat\u00e9 son premier anniversaire ce vendredi, l\u2019occasion pour sa m\u00e8re de publier de tendres photos tandis que Justin se trouvait visiblement \u00e0 des kilom\u00e8tres de chez eux.<\/p>\n<p>Voil\u00e0 d\u00e9sormais un an que <a href=\"https:\/\/www.parismatch.com\/people\/justin-et-hailey-bieber-parents-pour-la-premiere-fois-le-couple-devoile-le-prenom-du-bebe-240912\" rel=\"nofollow noopener\" target=\"_blank\">Justin et Hailey Bieber sont devenus parents<\/a>\u00a0d\u2019un petit gar\u00e7on pr\u00e9nomm\u00e9 Jack Blues. Si, en 2024, c\u2019est le chanteur qui s\u2019\u00e9tait charg\u00e9 d\u2019annoncer au monde l\u2019arriv\u00e9e de son premier enfant, ce 22\u00a0ao\u00fbt 2025, c\u2019est le mannequin qui a tenu \u00e0 c\u00e9l\u00e9brer comme il se doit l\u2019anniversaire du blondinet.<\/p>\n<p>\u00ab\u00a0Un an de toi mon joli gar\u00e7on. Joyeux premier anniversaire Jack Blues, tu es la joie personnifi\u00e9e\u00a0\u00bb, \u00e9crit la jeune maman sur Instagram, d\u00e9voilant au passage deux images d\u2019elle en compagnie de son fils, dont elle continue toutefois \u00e0 pr\u00e9server l\u2019identit\u00e9 en ne montrant jamais rien de son visage.<\/p>\n<p>    La suite apr\u00e8s cette publicit\u00e9<\/p>\n<p>Le premier clich\u00e9 permet ainsi de voir Jack en train d\u2019escalader le buste de sa m\u00e8re qui rit aux \u00e9clats, tandis que le second permet d\u2019avoir un aper\u00e7u d\u2019un instant c\u00e2lin entre m\u00e8re et fils, Hailey serrant son fils dans ses bras comme s\u2019il s\u2019agissait encore d\u2019un nouveau-n\u00e9.<\/p>\n<p>    La suite apr\u00e8s cette publicit\u00e9<\/p>\n<p>Justin absent pour l\u2019anniversaire de son fils\u00a0?<\/p>\n<p>Dans sa story Instagram, Hailey Bieber a \u00e9galement partag\u00e9 un aper\u00e7u de la f\u00eate de Jack, entre ballons, xylophone et jeux d\u2019\u00e9veil. Le gar\u00e7onnet ne semble cependant pas avoir pu profiter de la pr\u00e9sence de son p\u00e8re pour son grand jour, Justin postant au m\u00eame moment des photos de lui en plein enregistrement dans ce qui semble \u00eatre une chambre d\u2019h\u00f4tel.<\/p>\n<p>Pas de quoi laisser pr\u00e9sager <a href=\"https:\/\/www.parismatch.com\/people\/en-pleines-rumeurs-de-divorce-ce-geste-de-justin-bieber-fait-parler-il-sexplique-246246\" rel=\"nofollow noopener\" target=\"_blank\">d\u2019une quelconque rupture<\/a> entre les jeunes parents, Hailey a en effet choisi les chansons de son mari pour accompagner ses posts. Et s\u2019il ne pouvait pas compter sur son p\u00e8re, Jack a tout de m\u00eame re\u00e7u les bons v\u0153ux de sa grand-m\u00e8re, Pattie Malette \u00e9crivant son la publication d\u2019Hailey \u00ab\u00a0comment une ann\u00e9e enti\u00e8re a pu passer si vite\u00a0!!?? Le plus joyeux des anniversaires petit Jack Blues\u00a0!!\u00bb. Le bonheur semble donc toujours au rendez-vous chez les Bieber, <a href=\"https:\/\/www.parismatch.com\/People\/justin-bieber-perdu-pour-de-bon-253882\" rel=\"nofollow noopener\" target=\"_blank\">malgr\u00e9 les difficult\u00e9s de Justin<\/a>.<\/p>\n","protected":false},"excerpt":{"rendered":"Jack Blues Bieber, le fils de Justin et Hailey Bieber, a f\u00eat\u00e9 son premier anniversaire ce vendredi, l\u2019occasion&hellip;\n","protected":false},"author":2,"featured_media":338835,"comment_status":"","ping_status":"","sticky":false,"template":"","format":"standard","meta":{"footnotes":""},"categories":[8],"tags":[58,59,1011,27],"class_list":{"0":"post-338834","1":"post","2":"type-post","3":"status-publish","4":"format-standard","5":"has-post-thumbnail","7":"category-divertissement","8":"tag-divertissement","9":"tag-entertainment","10":"tag-fr","11":"tag-france"},"share_on_mastodon":{"url":"https:\/\/pubeurope.com\/@fr\/115078921253271773","error":""},"_links":{"self":[{"href":"https:\/\/www.europesays.com\/fr\/wp-json\/wp\/v2\/posts\/338834","targetHints":{"allow":["GET"]}}],"collection":[{"href":"https:\/\/www.europesays.com\/fr\/wp-json\/wp\/v2\/posts"}],"about":[{"href":"https:\/\/www.europesays.com\/fr\/wp-json\/wp\/v2\/types\/post"}],"author":[{"embeddable":true,"href":"https:\/\/www.europesays.com\/fr\/wp-json\/wp\/v2\/users\/2"}],"replies":[{"embeddable":true,"href":"https:\/\/www.europesays.com\/fr\/wp-json\/wp\/v2\/comments?post=338834"}],"version-history":[{"count":0,"href":"https:\/\/www.europesays.com\/fr\/wp-json\/wp\/v2\/posts\/338834\/revisions"}],"wp:featuredmedia":[{"embeddable":true,"href":"https:\/\/www.europesays.com\/fr\/wp-json\/wp\/v2\/media\/338835"}],"wp:attachment":[{"href":"https:\/\/www.europesays.com\/fr\/wp-json\/wp\/v2\/media?parent=338834"}],"wp:term":[{"taxonomy":"category","embeddable":true,"href":"https:\/\/www.europesays.com\/fr\/wp-json\/wp\/v2\/categories?post=338834"},{"taxonomy":"post_tag","embeddable":true,"href":"https:\/\/www.europesays.com\/fr\/wp-json\/wp\/v2\/tags?post=338834"}],"curies":[{"name":"wp","href":"https:\/\/api.w.org\/{rel}","templated":true}]}}