{"id":338838,"date":"2025-08-23T16:03:15","date_gmt":"2025-08-23T16:03:15","guid":{"rendered":"https:\/\/www.europesays.com\/fr\/338838\/"},"modified":"2025-08-23T16:03:15","modified_gmt":"2025-08-23T16:03:15","slug":"droits-de-douane-americains-le-vin-francais-sacrifie","status":"publish","type":"post","link":"https:\/\/www.europesays.com\/fr\/338838\/","title":{"rendered":"Droits de douane am\u00e9ricains : le vin fran\u00e7ais sacrifi\u00e9"},"content":{"rendered":"<p>Ce jeudi 21 ao\u00fbt, une conf\u00e9rence de presse avait lieu pour pr\u00e9senter les d\u00e9tails de l\u2019accord commercial conclu entre l\u2019Union europ\u00e9enne et les \u00c9tats-Unis, le 27 juillet, en Ecosse. Maro\u0161 \u0160ef\u010dovi\u010d, commissaire europ\u00e9en au Commerce et \u00e0 la S\u00e9curit\u00e9 \u00e9conomique, a annonc\u00e9 que malgr\u00e9 d\u2019\u00e2pres n\u00e9gociations, l\u2019Union europ\u00e9enne \u00ab n\u2019a pas r\u00e9ussi \u00bb \u00e0 obtenir d\u2019exemption de droits de douane pour le vin qui sera tax\u00e9 \u00e0 15 % \u00e0 son entr\u00e9e en Am\u00e9rique. Cette taxe sera identique \u00e0 la plupart des produits europ\u00e9ens export\u00e9s outre-Atlantique comme les voitures, les produits pharmaceutiques, le bois.<\/p>\n<p>Un coup tr\u00e8s rude pour notre secteur viticole pour qui le march\u00e9 am\u00e9ricain repr\u00e9sente quatre milliards d\u2019euros de bouteilles vers les \u00c9tats-Unis, soit un quart de ses exportations totales.<\/p>\n<p>La France n&rsquo;a que ses yeux pour pleurer<\/p>\n<p>Le ministre de l\u2019Agriculture, Annie Genevard, a d\u00e9nonc\u00e9 un accord \u00ab\u00a0d\u00e9s\u00e9quilibr\u00e9\u00a0\u00bb qui \u00ab\u00a0porte atteinte aux int\u00e9r\u00eats fran\u00e7ais et europ\u00e9ens en mati\u00e8re agricole\u00a0\u00bb. \u00ab\u00a0Je d\u00e9plore le r\u00e9sultat de la n\u00e9gociation entre l\u2019UE et les \u00c9tats-Unis, a-t-elle \u00e9crit, sur <a href=\"https:\/\/x.com\/AnnieGenevard\/status\/1958598073761853677\" target=\"_blank\" rel=\"noopener nofollow\">X<\/a>, je regrette particuli\u00e8rement l\u2019absence d\u2019exemption pour les vins et spiritueux, alors m\u00eame que la France et d\u2019autres pays avaient soulign\u00e9 l\u2019importance prioritaire de ces produits. \u00bb<\/p>\n<p>L\u2019agriculture fran\u00e7aise, derni\u00e8re roue du carrosse, fait les frais des lamentables n\u00e9gociations d\u2019Ursula von der Leyen, la pr\u00e9sidente de la Commission europ\u00e9enne. Il y a un mois, Marc Baudriller revenait, pour Boulevard Voltaire, sur cet accord qui annon\u00e7ait un <a href=\"https:\/\/www.bvoltaire.fr\/droits-de-douane-trump-sapprete-a-matraquer-leurope-de-von-der-leyen\/\" target=\"_blank\" rel=\"noopener nofollow\">matraquage<\/a> en bonne et due forme.<\/p>\n<p>Les chiffres r\u00e9v\u00e8lent l&rsquo;ampleur du d\u00e9s\u00e9quilibre. L&rsquo;Europe s&rsquo;engage sur des montants colossaux : 750 milliards de dollars (645 milliards d&rsquo;euros) d&rsquo;achats \u00e9nerg\u00e9tiques am\u00e9ricains (gaz naturel liqu\u00e9fi\u00e9, p\u00e9trole, combustibles nucl\u00e9aires), d&rsquo;ici 2028, et 600 milliards d&rsquo;investissements europ\u00e9ens dans les secteurs strat\u00e9giques aux \u00c9tats-Unis sur la m\u00eame p\u00e9riode. Pour sauver son industrie automobile \u2013 en perte de 30 millions d&rsquo;euros par mois depuis que Trump a fix\u00e9, depuis le mois d\u2019avril, les droits de douane \u00e0 25 % \u2013, Bruxelles s\u2019aplatit devant\u00a0les exigences de Washington.<\/p>\n<p>La liste des exemptions r\u00e9v\u00e8le quatre secteurs o\u00f9 les \u00c9tats-Unis trouvent leur avantage : les \u00ab ressources naturelles indisponibles \u00bb (notamment le li\u00e8ge), l&rsquo;a\u00e9ronautique civile, les m\u00e9dicaments g\u00e9n\u00e9riques et les pr\u00e9curseurs chimiques.<\/p>\n<p>En revanche le refus am\u00e9ricain d\u2019exempter le domaine des vins et spiritueux, embl\u00e9matique du savoir-faire fran\u00e7ais et de plusieurs de nos amis europ\u00e9ens (Italie, Irlande, Belgique), ressemble, selon une expression pertinente de notre confr\u00e8re du <a href=\"https:\/\/www.lepoint.fr\/monde\/accord-ue-etats-unis-le-detail-des-concessions-commerciales-aberrantes-de-bruxelles-a-trump-21-08-2025-2596753_24.php\" target=\"_blank\" rel=\"noopener nofollow\">Point<\/a>, \u00e0 \u00ab une gifle civilisationnelle \u00bb.<\/p>\n<p>Le poids plume fran\u00e7ais<\/p>\n<p>Du c\u00f4t\u00e9 du Rassemblement national, l\u2019eurod\u00e9put\u00e9 Philippe Olivier n\u2019accepte pas la r\u00e9action du ministre de l\u2019Agriculture, \u00e0 qui il a r\u00e9pondu, sur <a href=\"https:\/\/x.com\/PhOlivierRN\/status\/1958849589949182052\" target=\"_blank\" rel=\"noopener nofollow\">X<\/a> : \u00ab Un politique digne de ce nom n\u2019est pas l\u00e0 pour \u00ab\u00a0d\u00e9plorer\u00a0\u00bb mais pour d\u00e9cider, pas pour pleurnicher mais pour agir. \u00bb<\/p>\n<p>L\u2019ancien d\u00e9put\u00e9 RN de la Gironde Gr\u00e9goire de Fournas, lui-m\u00eame viticulteur, <a href=\"https:\/\/x.com\/gdefournas\/status\/1958562909123973473\" target=\"_blank\" rel=\"noopener nofollow\">fustige<\/a> un accord catastrophique, pour la France\u00a0: \u00ab\u00a0Le principal \u00e9tait de sauver les bagnoles allemandes. Les agriculteurs fran\u00e7ais peuvent crever.\u00a0\u00bb<\/p>\n<p>Au d\u00e9but du mois d\u2019ao\u00fbt, Laurent Saint-Martin, ministre du Commerce ext\u00e9rieur, esp\u00e9rait encore \u00ab arracher des exemptions suppl\u00e9mentaires \u00bb. Ce 21 ao\u00fbt, apr\u00e8s la parution de l\u2019accord commercial, il s\u2019est exprim\u00e9, sur <a href=\"https:\/\/x.com\/LaurentSMartin\/status\/1958519151309279643\" target=\"_blank\" rel=\"noopener nofollow\">X<\/a> : \u00ab La d\u00e9fense de nos secteurs \u00e0 l\u2019export reste notre priorit\u00e9. L\u2019accord laisse ouverte la possibilit\u00e9 d\u2019exemptions additionnelles, nous y travaillerons. L\u2019histoire n\u2019est pas finie. \u00bb Annie Genevard, elle aussi, ne se r\u00e9signe pas\u00a0: \u00ab La situation ne peut en rester l\u00e0. Ce point n\u2019est d\u2019ailleurs pas clos et je demande instamment aux n\u00e9gociateurs europ\u00e9ens qu\u2019ils en fassent une priorit\u00e9 des prochains \u00e9changes qu\u2019ils auront avec les autorit\u00e9s am\u00e9ricaines, dans les semaines et les mois qui viennent. \u00bb<\/p>\n<p>\u00c0 la lumi\u00e8re des \u00ab succ\u00e8s \u00bb obtenus lors des n\u00e9gociations qui ont conduit \u00e0 l&rsquo;accord tel qu&rsquo;il est pr\u00e9sent\u00e9 aujourd&rsquo;hui, on constate l&rsquo;impuissance des ministres fran\u00e7ais \u00e0 se faire entendre et \u00e0 peser dans les d\u00e9bats. Tout laisse \u00e0 craindre une nouvelle capitulation de l\u2019Union europ\u00e9enne dont la France fera, une nouvelle fois, les frais.<\/p>\n<p>                    <a href=\"#\" rel=\"nofollow\" onclick=\"window.print(); pfTrackEvent('Droits de douane am\u00e9ricains : le vin fran\u00e7ais sacrifi\u00e9'); return false;\" title=\"Printer Friendly, PDF &amp; Email\"><br \/>\n                    <img decoding=\"async\" src=\"https:\/\/www.europesays.com\/fr\/wp-content\/uploads\/2025\/04\/printfriendly-icon-sm.png\" alt=\"Print Friendly, PDF &amp; Email\" class=\"pf-button-img\" style=\"width: 17px;height: 17px;\"\/>Imprimer, enregistrer en PDF cet article<br \/>\n                    <\/a><\/p>\n","protected":false},"excerpt":{"rendered":"Ce jeudi 21 ao\u00fbt, une conf\u00e9rence de presse avait lieu pour pr\u00e9senter les d\u00e9tails de l\u2019accord commercial conclu&hellip;\n","protected":false},"author":2,"featured_media":338839,"comment_status":"","ping_status":"","sticky":false,"template":"","format":"standard","meta":{"footnotes":""},"categories":[6],"tags":[35,33,34,1011,27],"class_list":{"0":"post-338838","1":"post","2":"type-post","3":"status-publish","4":"format-standard","5":"has-post-thumbnail","7":"category-economie","8":"tag-business","9":"tag-economie","10":"tag-economy","11":"tag-fr","12":"tag-france"},"share_on_mastodon":{"url":"https:\/\/pubeurope.com\/@fr\/115078929077456165","error":""},"_links":{"self":[{"href":"https:\/\/www.europesays.com\/fr\/wp-json\/wp\/v2\/posts\/338838","targetHints":{"allow":["GET"]}}],"collection":[{"href":"https:\/\/www.europesays.com\/fr\/wp-json\/wp\/v2\/posts"}],"about":[{"href":"https:\/\/www.europesays.com\/fr\/wp-json\/wp\/v2\/types\/post"}],"author":[{"embeddable":true,"href":"https:\/\/www.europesays.com\/fr\/wp-json\/wp\/v2\/users\/2"}],"replies":[{"embeddable":true,"href":"https:\/\/www.europesays.com\/fr\/wp-json\/wp\/v2\/comments?post=338838"}],"version-history":[{"count":0,"href":"https:\/\/www.europesays.com\/fr\/wp-json\/wp\/v2\/posts\/338838\/revisions"}],"wp:featuredmedia":[{"embeddable":true,"href":"https:\/\/www.europesays.com\/fr\/wp-json\/wp\/v2\/media\/338839"}],"wp:attachment":[{"href":"https:\/\/www.europesays.com\/fr\/wp-json\/wp\/v2\/media?parent=338838"}],"wp:term":[{"taxonomy":"category","embeddable":true,"href":"https:\/\/www.europesays.com\/fr\/wp-json\/wp\/v2\/categories?post=338838"},{"taxonomy":"post_tag","embeddable":true,"href":"https:\/\/www.europesays.com\/fr\/wp-json\/wp\/v2\/tags?post=338838"}],"curies":[{"name":"wp","href":"https:\/\/api.w.org\/{rel}","templated":true}]}}