{"id":338840,"date":"2025-08-23T16:04:09","date_gmt":"2025-08-23T16:04:09","guid":{"rendered":"https:\/\/www.europesays.com\/fr\/338840\/"},"modified":"2025-08-23T16:04:09","modified_gmt":"2025-08-23T16:04:09","slug":"il-est-temps-que-le-gouvernement-israelien-cesse-de-nier-la-famine-quil-a-creee-estime-le-chef-de-lunrwa","status":"publish","type":"post","link":"https:\/\/www.europesays.com\/fr\/338840\/","title":{"rendered":"\u00ab\u00a0Il est temps que le gouvernement isra\u00e9lien cesse de nier la famine qu\u2019il a cr\u00e9\u00e9e\u00a0\u00bb, estime le chef de l\u2019UNRWA"},"content":{"rendered":"<br \/>\n<blockquote class=\"post__live-container--comment-blockquote\"><p>Est ce qu\u2019il y a des chances qu\u2019avec une entr\u00e9e d\u2019aide les enfants puissent se remettre de cette \u00e9preuve ? Ou c\u2019est trop tard ?  <\/p><\/blockquote>\n<p>    Anna                                   <\/p>\n<p class=\"post__live-container--answer-text post__space-node\">Press\u00e9 de toutes parts de laisser entrer l\u2019aide dans la bande de Gaza, le premier ministre isra\u00e9lien, Benyamin Netanyahou, a ni\u00e9 l\u2019existence de la faim dans l\u2019enclave, qualifiant les informations faisant \u00e9tat de famine de \u00ab\u00a0mensonges\u00a0\u00bb propag\u00e9s par le Hamas.<\/p>\n<p class=\"post__live-container--answer-text post__space-node\">Les largages a\u00e9riens de vivres r\u00e9cemment autoris\u00e9s par Isra\u00ebl \u00ab\u00a0ne seront pas suffisants pour inverser la catastrophe humanitaire\u00a0\u00bb, avertit l\u2019IPC, selon qui ces parachutages sont plus co\u00fbteux, moins efficaces et plus dangereux que les acheminements par la route.<\/p>\n<p class=\"post__live-container--answer-text post__space-node\"><a href=\"https:\/\/news.un.org\/fr\/story\/2025\/08\/1157321\" target=\"_blank\" rel=\"noopener nofollow\" title=\"Nouvelle fen\u00eatre\">Dans un rapport de situation<\/a> publi\u00e9 le 20\u00a0ao\u00fbt, le Bureau de coordination des affaires humanitaires de l\u2019ONU (OCHA), avait rappel\u00e9 que seule la \u00ab\u00a0moiti\u00e9 des 2\u00a0000\u00a0tonnes d\u2019aides alimentaires n\u00e9cessaires chaque jour pour r\u00e9pondre aux besoins humanitaires de base en mati\u00e8re d\u2019aide alimentaire a[vait] pu entrer \u00e0 Gaza\u00a0\u00bb.<\/p>\n","protected":false},"excerpt":{"rendered":"Est ce qu\u2019il y a des chances qu\u2019avec une entr\u00e9e d\u2019aide les enfants puissent se remettre de cette&hellip;\n","protected":false},"author":2,"featured_media":338841,"comment_status":"","ping_status":"","sticky":false,"template":"","format":"standard","meta":{"footnotes":""},"categories":[5],"tags":[11,1011,27,14,12,28],"class_list":{"0":"post-338840","1":"post","2":"type-post","3":"status-publish","4":"format-standard","5":"has-post-thumbnail","7":"category-international","8":"tag-actualites","9":"tag-fr","10":"tag-france","11":"tag-international","12":"tag-news","13":"tag-world"},"share_on_mastodon":{"url":"https:\/\/pubeurope.com\/@fr\/115078932970130495","error":""},"_links":{"self":[{"href":"https:\/\/www.europesays.com\/fr\/wp-json\/wp\/v2\/posts\/338840","targetHints":{"allow":["GET"]}}],"collection":[{"href":"https:\/\/www.europesays.com\/fr\/wp-json\/wp\/v2\/posts"}],"about":[{"href":"https:\/\/www.europesays.com\/fr\/wp-json\/wp\/v2\/types\/post"}],"author":[{"embeddable":true,"href":"https:\/\/www.europesays.com\/fr\/wp-json\/wp\/v2\/users\/2"}],"replies":[{"embeddable":true,"href":"https:\/\/www.europesays.com\/fr\/wp-json\/wp\/v2\/comments?post=338840"}],"version-history":[{"count":0,"href":"https:\/\/www.europesays.com\/fr\/wp-json\/wp\/v2\/posts\/338840\/revisions"}],"wp:featuredmedia":[{"embeddable":true,"href":"https:\/\/www.europesays.com\/fr\/wp-json\/wp\/v2\/media\/338841"}],"wp:attachment":[{"href":"https:\/\/www.europesays.com\/fr\/wp-json\/wp\/v2\/media?parent=338840"}],"wp:term":[{"taxonomy":"category","embeddable":true,"href":"https:\/\/www.europesays.com\/fr\/wp-json\/wp\/v2\/categories?post=338840"},{"taxonomy":"post_tag","embeddable":true,"href":"https:\/\/www.europesays.com\/fr\/wp-json\/wp\/v2\/tags?post=338840"}],"curies":[{"name":"wp","href":"https:\/\/api.w.org\/{rel}","templated":true}]}}