{"id":338844,"date":"2025-08-23T16:06:10","date_gmt":"2025-08-23T16:06:10","guid":{"rendered":"https:\/\/www.europesays.com\/fr\/338844\/"},"modified":"2025-08-23T16:06:10","modified_gmt":"2025-08-23T16:06:10","slug":"man-city-sombre-a-domicile-contre-tottenham-a-cause-dune-horrible-boulette-de-son-gardien","status":"publish","type":"post","link":"https:\/\/www.europesays.com\/fr\/338844\/","title":{"rendered":"Man City sombre \u00e0 domicile contre Tottenham \u00e0 cause d\u2019une horrible boulette de son gardien"},"content":{"rendered":"<p>Alors que Gigio Donnarumma a fait <a href=\"https:\/\/www.20minutes.fr\/sport\/football\/4169143-20250823-psg-angers-donnarumma-celebre-parc-sequence-emotion-nouvelle-soiree-fete-parisienne\" target=\"_blank\" class=\"c-link c-link--is-underlined\" rel=\"noopener\">ses adieux au Parc des Princes<\/a> vendredi soir apr\u00e8s la victoire du PSG contre Angers et qu\u2019il est normalement attendu en Angleterre du c\u00f4t\u00e9 de <a href=\"https:\/\/www.20minutes.fr\/sport\/manchester_city\/\" target=\"_blank\" class=\"c-link c-link--is-underlined\" rel=\"noopener\">City<\/a>, le jeune Trafford garde pour le moment les cages des Citizens. Pas s\u00fbr que ce soit encore le cas la semaine prochaine apr\u00e8s <a href=\"https:\/\/www.lequipe.fr\/Football\/match-direct\/championnat-d-angleterre\/2025-2026\/manchester-city-tottenham-live\/673520\" rel=\"nofollow noopener\" target=\"_blank\" class=\"c-link c-link--is-underlined\">son naufrage \u00e0 l\u2019Etihad Stadium<\/a>, samedi apr\u00e8s-midi, contre Tottenham.<\/p>\n<p>Voulant relancer court, alors que les Spurs \u00e9taient d\u00e9j\u00e0 devant apr\u00e8s l\u2019ouverture du score de Johnson en contre, Trafford a offert le pion du break \u00e0 Tottenham. Sa passe pour son d\u00e9fenseur \u00e9tait la pire des solutions qui s\u2019offraient \u00e0 lui et, apr\u00e8s une tentative pour repousser le ballon des pieds de Richarlison, Palinha ne s\u2019est pas fait prier pour doubler la mise juste avant la pause.<\/p>\n<p class=\"mb-xxl@xs color-ultramarine font-weight-semi-bold@xs font-source-serif-pro heading-s@xs\">L\u2019acc\u00e8s \u00e0 ce contenu a \u00e9t\u00e9 bloqu\u00e9 afin de respecter votre choix de consentement<\/p>\n<p class=\"mb-m@xs text-l@xs\">En cliquant sur\u00ab J\u2019accepte \u00bb, vous acceptez le d\u00e9p\u00f4t de cookies par des services externes et aurez ainsi acc\u00e8s aux contenus de nos partenaires.<\/p>\n<p class=\"mb-xl@xs text-s@xs\">Plus d\u2019informations sur la page<a href=\"https:\/\/www.20minutes.fr\/gestion-cookies\" class=\"mx-xxs@xs color-ultramarine\" target=\"_blank\" rel=\"noopener\">Politique de gestion des cookies<\/a><\/p>\n<p>J\u2019accepte<\/p>\n<p>La seconde p\u00e9riode n\u2019aura pas apport\u00e9 grand-chose de mieux dans le jeu du c\u00f4t\u00e9 des hommes de Pep Guardiola. <a href=\"https:\/\/www.20minutes.fr\/sport\/football\/4168188-20250817-manchester-city-creativite-extraordinaire-guardiola-loue-talent-cherki-apres-premier-but\" target=\"_blank\" class=\"c-link c-link--is-underlined\" rel=\"noopener\">Rayan Cherki<\/a>, titularis\u00e9 pour la premi\u00e8re fois de la saison, n\u2019a clairement pas marqu\u00e9 de point samedi. Timide, discret et pas toujours juste techniquement, l\u2019ancien Lyonnais a c\u00e9d\u00e9 sa place \u00e0 l\u2019heure de jeu sans que cela ne change quoi que ce soit pour les Skyblues, d\u00e9j\u00e0 battus une premi\u00e8re fois cette saison \u00e0 la maison.<\/p>\n","protected":false},"excerpt":{"rendered":"Alors que Gigio Donnarumma a fait ses adieux au Parc des Princes vendredi soir apr\u00e8s la victoire du&hellip;\n","protected":false},"author":2,"featured_media":338845,"comment_status":"","ping_status":"","sticky":false,"template":"","format":"standard","meta":{"footnotes":""},"categories":[2],"tags":[11,63,1011,27,10528,16663,12,70,517],"class_list":{"0":"post-338844","1":"post","2":"type-post","3":"status-publish","4":"format-standard","5":"has-post-thumbnail","7":"category-actualites","8":"tag-actualites","9":"tag-football","10":"tag-fr","11":"tag-france","12":"tag-gianluigi-donnarumma","13":"tag-manchester-city","14":"tag-news","15":"tag-premier-league","16":"tag-sport"},"share_on_mastodon":{"url":"https:\/\/pubeurope.com\/@fr\/115078940854114363","error":""},"_links":{"self":[{"href":"https:\/\/www.europesays.com\/fr\/wp-json\/wp\/v2\/posts\/338844","targetHints":{"allow":["GET"]}}],"collection":[{"href":"https:\/\/www.europesays.com\/fr\/wp-json\/wp\/v2\/posts"}],"about":[{"href":"https:\/\/www.europesays.com\/fr\/wp-json\/wp\/v2\/types\/post"}],"author":[{"embeddable":true,"href":"https:\/\/www.europesays.com\/fr\/wp-json\/wp\/v2\/users\/2"}],"replies":[{"embeddable":true,"href":"https:\/\/www.europesays.com\/fr\/wp-json\/wp\/v2\/comments?post=338844"}],"version-history":[{"count":0,"href":"https:\/\/www.europesays.com\/fr\/wp-json\/wp\/v2\/posts\/338844\/revisions"}],"wp:featuredmedia":[{"embeddable":true,"href":"https:\/\/www.europesays.com\/fr\/wp-json\/wp\/v2\/media\/338845"}],"wp:attachment":[{"href":"https:\/\/www.europesays.com\/fr\/wp-json\/wp\/v2\/media?parent=338844"}],"wp:term":[{"taxonomy":"category","embeddable":true,"href":"https:\/\/www.europesays.com\/fr\/wp-json\/wp\/v2\/categories?post=338844"},{"taxonomy":"post_tag","embeddable":true,"href":"https:\/\/www.europesays.com\/fr\/wp-json\/wp\/v2\/tags?post=338844"}],"curies":[{"name":"wp","href":"https:\/\/api.w.org\/{rel}","templated":true}]}}