{"id":338846,"date":"2025-08-23T16:07:22","date_gmt":"2025-08-23T16:07:22","guid":{"rendered":"https:\/\/www.europesays.com\/fr\/338846\/"},"modified":"2025-08-23T16:07:22","modified_gmt":"2025-08-23T16:07:22","slug":"rhone-et-loire-pour-satisfaire-son-addiction-aux-jeux-il-escroquait-principalement-les-personnes-agees","status":"publish","type":"post","link":"https:\/\/www.europesays.com\/fr\/338846\/","title":{"rendered":"Rh\u00f4ne et Loire. Pour satisfaire son addiction aux jeux, il escroquait principalement les personnes \u00e2g\u00e9es"},"content":{"rendered":"<p>Bouzi Mohamed-Mebarek interpell\u00e9 le 23\u00a0juin 2025 est un habitu\u00e9 du pr\u00e9toire. Divorc\u00e9, sans emploi ni domicile, p\u00e8re de trois filles, il cumule \u00e0 57 ans 16 mentions \u00e0 son casier. En 2020 le tribunal de Saint-Etienne l\u2019avait condamn\u00e9 \u00e0 deux ans ferme pour des vols, certains par ruse commis au pr\u00e9judice de 25 personnes \u00e2g\u00e9es. En 2023, rebelote, retour devant le m\u00eame tribunal pour les m\u00eames motifs avec cette fois 32 victimes. Il \u00e9cope de <a href=\"https:\/\/www.leprogres.fr\/faits-divers-justice\/2023\/05\/12\/le-serial-voleur-de-mamies-recidive-trois-ans-de-prison\" target=\"_blank\" rel=\"noopener\">trois ans assortie d\u2019un sursis d\u2019un an.<\/a><\/p>\n<p>Il r\u00e9cidive en 2025 cette fois au Puy-en-Velay, Valence, Bourg-l\u00e8s-Valence, Carcassonne, Castres, B\u00e9ziers, Perpignan, D\u00e9cines, Grigny-sur-Rh\u00f4ne, Givors\u2026 pour r\u00e9pondre \u00e0&#8230;<\/p>\n","protected":false},"excerpt":{"rendered":"Bouzi Mohamed-Mebarek interpell\u00e9 le 23\u00a0juin 2025 est un habitu\u00e9 du pr\u00e9toire. Divorc\u00e9, sans emploi ni domicile, p\u00e8re de&hellip;\n","protected":false},"author":2,"featured_media":338847,"comment_status":"","ping_status":"","sticky":false,"template":"","format":"standard","meta":{"footnotes":""},"categories":[9653],"tags":[1111,11,2430,271,272,7539,3154,1777,674,274,107,1011,27,19625,22961,3367,12,25,2429,4001],"class_list":{"0":"post-338846","1":"post","2":"type-post","3":"status-publish","4":"format-standard","5":"has-post-thumbnail","7":"category-saint-etienne","8":"tag-actu","9":"tag-actualites","10":"tag-auvergne-rhone-alpes","11":"tag-crime","12":"tag-delit-et-contravention","13":"tag-edition-loire-sud","14":"tag-edition-sud-lyonnais","15":"tag-eu","16":"tag-europe","17":"tag-faits-divers-justice","18":"tag-fil-info","19":"tag-fr","20":"tag-france","21":"tag-givors","22":"tag-givors-bassin","23":"tag-loire","24":"tag-news","25":"tag-republique-francaise","26":"tag-rhone","27":"tag-saint-etienne"},"share_on_mastodon":{"url":"https:\/\/pubeurope.com\/@fr\/115078944832070033","error":""},"_links":{"self":[{"href":"https:\/\/www.europesays.com\/fr\/wp-json\/wp\/v2\/posts\/338846","targetHints":{"allow":["GET"]}}],"collection":[{"href":"https:\/\/www.europesays.com\/fr\/wp-json\/wp\/v2\/posts"}],"about":[{"href":"https:\/\/www.europesays.com\/fr\/wp-json\/wp\/v2\/types\/post"}],"author":[{"embeddable":true,"href":"https:\/\/www.europesays.com\/fr\/wp-json\/wp\/v2\/users\/2"}],"replies":[{"embeddable":true,"href":"https:\/\/www.europesays.com\/fr\/wp-json\/wp\/v2\/comments?post=338846"}],"version-history":[{"count":0,"href":"https:\/\/www.europesays.com\/fr\/wp-json\/wp\/v2\/posts\/338846\/revisions"}],"wp:featuredmedia":[{"embeddable":true,"href":"https:\/\/www.europesays.com\/fr\/wp-json\/wp\/v2\/media\/338847"}],"wp:attachment":[{"href":"https:\/\/www.europesays.com\/fr\/wp-json\/wp\/v2\/media?parent=338846"}],"wp:term":[{"taxonomy":"category","embeddable":true,"href":"https:\/\/www.europesays.com\/fr\/wp-json\/wp\/v2\/categories?post=338846"},{"taxonomy":"post_tag","embeddable":true,"href":"https:\/\/www.europesays.com\/fr\/wp-json\/wp\/v2\/tags?post=338846"}],"curies":[{"name":"wp","href":"https:\/\/api.w.org\/{rel}","templated":true}]}}