{"id":338853,"date":"2025-08-23T16:13:11","date_gmt":"2025-08-23T16:13:11","guid":{"rendered":"https:\/\/www.europesays.com\/fr\/338853\/"},"modified":"2025-08-23T16:13:11","modified_gmt":"2025-08-23T16:13:11","slug":"super-sevens-sans-surprise-toulon-sincline-face-a-monaco-et-jouera-la-petite-finale","status":"publish","type":"post","link":"https:\/\/www.europesays.com\/fr\/338853\/","title":{"rendered":"Super Sevens : Sans surprise, Toulon s&rsquo;incline face \u00e0 Monaco et jouera la petite finale !"},"content":{"rendered":"<p>Ce samedi se joue la deuxi\u00e8me \u00e9tape de l\u2019In Extenso Super Sevens du c\u00f4t\u00e9 de Dax.<\/p>\n<p>Le Rugby Club Toulonnais disputait ce samedi en fin d\u2019apr\u00e8s-midi sa demi finale de la comp\u00e9tition contre Monaco Rugby<\/p>\n<p>Les Varois ont \u00e9t\u00e9 domin\u00e9 toute la rencontre et a donn\u00e9 lieu \u00e0 un score sans appel pour les Monegasques : 31 \u00e0 7.<\/p>\n<p>Gr\u00e2ce \u00e0 cette victoire, Monaco retrouve une nouvelle fois la finale, apr\u00e8s sa victoire la semaine derni\u00e8re.<\/p>\n<p>Ils joueront soit face \u00e0 Montpellier tombeur de Pau en quarts soit face \u00e0 La Rochelle vainqueur de Toulouse en quarts.<\/p>\n<p>Le Rugby Club Toulonnais jouera sa petite finale dans la soir\u00e9e.<\/p>\n<p>A noter, Dylan Chantreau, qui porte les couleurs Rouge et Noir, est nomm\u00e9 pour le titre de r\u00e9v\u00e9lation de l\u2019\u00e9tape, en compagnie de Tom March\u00e9 (La Rochelle) et Rapha\u00ebl Candellaro (Racing 92)<\/p>\n","protected":false},"excerpt":{"rendered":"Ce samedi se joue la deuxi\u00e8me \u00e9tape de l\u2019In Extenso Super Sevens du c\u00f4t\u00e9 de Dax. Le Rugby&hellip;\n","protected":false},"author":2,"featured_media":338854,"comment_status":"","ping_status":"","sticky":false,"template":"","format":"standard","meta":{"footnotes":""},"categories":[9619],"tags":[1111,11,1777,674,1011,27,12,882,25,2310],"class_list":{"0":"post-338853","1":"post","2":"type-post","3":"status-publish","4":"format-standard","5":"has-post-thumbnail","7":"category-toulon","8":"tag-actu","9":"tag-actualites","10":"tag-eu","11":"tag-europe","12":"tag-fr","13":"tag-france","14":"tag-news","15":"tag-provence-alpes-cote-dazur","16":"tag-republique-francaise","17":"tag-toulon"},"share_on_mastodon":{"url":"https:\/\/pubeurope.com\/@fr\/115078968395517639","error":""},"_links":{"self":[{"href":"https:\/\/www.europesays.com\/fr\/wp-json\/wp\/v2\/posts\/338853","targetHints":{"allow":["GET"]}}],"collection":[{"href":"https:\/\/www.europesays.com\/fr\/wp-json\/wp\/v2\/posts"}],"about":[{"href":"https:\/\/www.europesays.com\/fr\/wp-json\/wp\/v2\/types\/post"}],"author":[{"embeddable":true,"href":"https:\/\/www.europesays.com\/fr\/wp-json\/wp\/v2\/users\/2"}],"replies":[{"embeddable":true,"href":"https:\/\/www.europesays.com\/fr\/wp-json\/wp\/v2\/comments?post=338853"}],"version-history":[{"count":0,"href":"https:\/\/www.europesays.com\/fr\/wp-json\/wp\/v2\/posts\/338853\/revisions"}],"wp:featuredmedia":[{"embeddable":true,"href":"https:\/\/www.europesays.com\/fr\/wp-json\/wp\/v2\/media\/338854"}],"wp:attachment":[{"href":"https:\/\/www.europesays.com\/fr\/wp-json\/wp\/v2\/media?parent=338853"}],"wp:term":[{"taxonomy":"category","embeddable":true,"href":"https:\/\/www.europesays.com\/fr\/wp-json\/wp\/v2\/categories?post=338853"},{"taxonomy":"post_tag","embeddable":true,"href":"https:\/\/www.europesays.com\/fr\/wp-json\/wp\/v2\/tags?post=338853"}],"curies":[{"name":"wp","href":"https:\/\/api.w.org\/{rel}","templated":true}]}}