{"id":338855,"date":"2025-08-23T16:14:09","date_gmt":"2025-08-23T16:14:09","guid":{"rendered":"https:\/\/www.europesays.com\/fr\/338855\/"},"modified":"2025-08-23T16:14:09","modified_gmt":"2025-08-23T16:14:09","slug":"avez-vous-le-profil-pour-devenir-animateur-aupres-des-enfants","status":"publish","type":"post","link":"https:\/\/www.europesays.com\/fr\/338855\/","title":{"rendered":"avez-vous le profil pour devenir animateur aupr\u00e8s des enfants\u00a0?"},"content":{"rendered":"<p>            Par<br \/>\n        <strong><br \/>\n            <a href=\"https:\/\/actu.fr\/auteur\/metropoop\" title=\"Consulter tous les articles de R\u00e9daction M\u00e9tropolitain\" rel=\"nofollow noopener\" target=\"_blank\">R\u00e9daction M\u00e9tropolitain<\/a><br \/>\n        <\/strong><\/p>\n<p>        Publi\u00e9 le<\/p>\n<p>            23 ao\u00fbt 2025 \u00e0 17h37        <\/p>\n<p><strong>Montpellier<\/strong> a rouvert ses <strong>sessions de recrutement<\/strong> pour renforcer ses \u00e9quipes d\u2019animation. La municipalit\u00e9 recherche des profils capables d\u2019encadrer les enfants sur les temps p\u00e9riscolaires et extrascolaires. Ces postes s\u2019adressent aux \u00e9tudiants, aux demandeurs d\u2019emploi et aux professionnels souhaitant compl\u00e9ter leur activit\u00e9.<\/p>\n<p class=\" wall-content\"><strong>L\u2019animateur<\/strong> m\u00e8nera des activit\u00e9s r\u00e9cr\u00e9atives, culturelles et sportives. Il participera \u00e0 l\u2019\u00e9panouissement des enfants tout en assurant leur s\u00e9curit\u00e9. L\u2019encadrement se fera dans le respect des r\u00e8gles de vie en collectivit\u00e9. Le r\u00f4le inclut l\u2019accueil, l\u2019accompagnement et le suivi des enfants.<\/p>\n<p>Des temps p\u00e9riscolaires encadr\u00e9s<\/p>\n<p class=\" wall-content\">La Ville recherche des intervenants disponibles les lundis, mardis, jeudis et vendredis, hors vacances scolaires. Les missions couvriront les temps m\u00e9ridiens, l\u2019accueil apr\u00e8s la classe, les \u00e9tudes surveill\u00e9es et l\u2019accueil du soir. Pour les mercredis et les p\u00e9riodes de cong\u00e9s, la municipalit\u00e9 propose des missions \u00e0 temps plein. Les animateurs travailleront<strong> de 8h \u00e0 18h<\/strong>. Les candidats pourront ainsi s\u2019investir pleinement sur des journ\u00e9es compl\u00e8tes.<\/p>\n<p><strong> &gt;<\/strong> Toutes les informations d\u00e9taill\u00e9es sur l\u2019offre et les modalit\u00e9s de candidature sont \u00e0 d\u00e9couvrir <a href=\"https:\/\/www.montpellier.fr\/actions\/competences\/jeunesse\/dispositifs-de-soutien-la-jeunesse\/la-ville-recrute-des-animateurs?mtype=short\" rel=\"nofollow noopener\" target=\"_blank\">ici<\/a><\/p>\n<p class=\" wall-content\">Personnalisez votre actualit\u00e9 en ajoutant vos villes et m\u00e9dias en favori avec <a href=\"https:\/\/moncompte.actu.fr\" title=\"D\u00e9couvez Mon Actu\" rel=\"nofollow noopener\" data-trk=\"{&quot;cta&quot;:{&quot;action&quot;:&quot;https:\\\/\\\/moncompte.actu.fr&quot;,&quot;category&quot;:&quot;mon compte&quot;,&quot;from&quot;:&quot;article footer&quot;,&quot;name&quot;:&quot;Mon actu&quot;,&quot;type&quot;:&quot;cta&quot;}}\" target=\"_blank\">Mon Actu<\/a>.<\/p>\n","protected":false},"excerpt":{"rendered":"Par R\u00e9daction M\u00e9tropolitain Publi\u00e9 le 23 ao\u00fbt 2025 \u00e0 17h37 Montpellier a rouvert ses sessions de recrutement pour&hellip;\n","protected":false},"author":2,"featured_media":338856,"comment_status":"","ping_status":"","sticky":false,"template":"","format":"standard","meta":{"footnotes":""},"categories":[9599],"tags":[1111,11,1261,341,1719,1777,674,1011,27,2208,12,2680,25,104],"class_list":{"0":"post-338855","1":"post","2":"type-post","3":"status-publish","4":"format-standard","5":"has-post-thumbnail","7":"category-montpellier","8":"tag-actu","9":"tag-actualites","10":"tag-argent","11":"tag-emploi","12":"tag-enfants","13":"tag-eu","14":"tag-europe","15":"tag-fr","16":"tag-france","17":"tag-montpellier","18":"tag-news","19":"tag-occitanie","20":"tag-republique-francaise","21":"tag-societe"},"share_on_mastodon":{"url":"https:\/\/pubeurope.com\/@fr\/115078972305434303","error":""},"_links":{"self":[{"href":"https:\/\/www.europesays.com\/fr\/wp-json\/wp\/v2\/posts\/338855","targetHints":{"allow":["GET"]}}],"collection":[{"href":"https:\/\/www.europesays.com\/fr\/wp-json\/wp\/v2\/posts"}],"about":[{"href":"https:\/\/www.europesays.com\/fr\/wp-json\/wp\/v2\/types\/post"}],"author":[{"embeddable":true,"href":"https:\/\/www.europesays.com\/fr\/wp-json\/wp\/v2\/users\/2"}],"replies":[{"embeddable":true,"href":"https:\/\/www.europesays.com\/fr\/wp-json\/wp\/v2\/comments?post=338855"}],"version-history":[{"count":0,"href":"https:\/\/www.europesays.com\/fr\/wp-json\/wp\/v2\/posts\/338855\/revisions"}],"wp:featuredmedia":[{"embeddable":true,"href":"https:\/\/www.europesays.com\/fr\/wp-json\/wp\/v2\/media\/338856"}],"wp:attachment":[{"href":"https:\/\/www.europesays.com\/fr\/wp-json\/wp\/v2\/media?parent=338855"}],"wp:term":[{"taxonomy":"category","embeddable":true,"href":"https:\/\/www.europesays.com\/fr\/wp-json\/wp\/v2\/categories?post=338855"},{"taxonomy":"post_tag","embeddable":true,"href":"https:\/\/www.europesays.com\/fr\/wp-json\/wp\/v2\/tags?post=338855"}],"curies":[{"name":"wp","href":"https:\/\/api.w.org\/{rel}","templated":true}]}}