{"id":338857,"date":"2025-08-23T16:15:17","date_gmt":"2025-08-23T16:15:17","guid":{"rendered":"https:\/\/www.europesays.com\/fr\/338857\/"},"modified":"2025-08-23T16:15:17","modified_gmt":"2025-08-23T16:15:17","slug":"lestac-enchaine-a-domicile-face-a-montpellier-1-0-j3","status":"publish","type":"post","link":"https:\/\/www.europesays.com\/fr\/338857\/","title":{"rendered":"L&rsquo;ESTAC encha\u00eene \u00e0 domicile face \u00e0 Montpellier (1-0, J3)"},"content":{"rendered":"<p><strong>Apr\u00e8s avoir pris 4 points sur 6 lors des deux premi\u00e8res journ\u00e9es, l\u2019ESTAC a confirm\u00e9 sa bonne forme du moment en s\u2019imposant face \u00e0 Montpellier ce samedi apr\u00e8s-midi au Stade de l\u2019Aube (1-0, J3). Martin Adeline a inscrit sa deuxi\u00e8me r\u00e9alisation de la saison. <\/strong><\/p>\n<p>Les joueurs de St\u00e9phane Dumont entamaient le match pied au plancher et se procuraient deux situations franches d\u00e8s la premi\u00e8re minute, par Assoumou et Adeline. D\u00e9pass\u00e9s, les H\u00e9raultais se montraient nerveux et \u00e9copaient d\u2019un carton rouge rapidement (Sainte-Luce, 19\u2032) pour un mauvais geste. L\u2019ESTAC maintenait son emprise et ouvrait logiquement le score par Martin Adeline, l\u2019homme en forme du moment, qui reprenait parfaitement du droit un corner mal d\u00e9gag\u00e9 (31\u2032). La seconde p\u00e9riode \u00e9tait plus calme, les co\u00e9quipiers d\u2019Adrien Monfray se contentant de ma\u00eetriser le tempo de la rencontre et de conserver le ballon. <\/p>\n<p>Avec sept points en trois matches, les Troyens sont toujours invaincus et sur le podium de Ligue 2 BKT (2e). Prochain match vendredi prochain \u00e0 Dunkerque, pour le compte de la 4e journ\u00e9e de Ligue 2 BKT.  <\/p>\n<p><strong>La r\u00e9action de St\u00e9phane Dumont : <\/strong><\/p>\n<p>C\u2019est bien d\u2019avoir sept points tout en sachant qu\u2019on a encore pas mal d\u2019axes de progression. La victoire est ma\u00eetris\u00e9e dans le sens o\u00f9 les choses ont tourn\u00e9 dans notre sens. On a fait une vraie entame, avec deux vraies situations d\u00e8s la premi\u00e8re minute. On a \u00e9t\u00e9 capables de marquer sur coup-de-pied arr\u00eat\u00e9, ce que je r\u00e9clame depuis un certain temps. On a \u00e9t\u00e9 un peu entre deux en seconde p\u00e9riode, mais on a quand m\u00eame tr\u00e8s peu conc\u00e9d\u00e9 donc c\u2019est positif.<\/p>\n","protected":false},"excerpt":{"rendered":"Apr\u00e8s avoir pris 4 points sur 6 lors des deux premi\u00e8res journ\u00e9es, l\u2019ESTAC a confirm\u00e9 sa bonne forme&hellip;\n","protected":false},"author":2,"featured_media":338858,"comment_status":"","ping_status":"","sticky":false,"template":"","format":"standard","meta":{"footnotes":""},"categories":[9599],"tags":[1111,11,1777,674,1011,27,2208,12,2680,25],"class_list":{"0":"post-338857","1":"post","2":"type-post","3":"status-publish","4":"format-standard","5":"has-post-thumbnail","7":"category-montpellier","8":"tag-actu","9":"tag-actualites","10":"tag-eu","11":"tag-europe","12":"tag-fr","13":"tag-france","14":"tag-montpellier","15":"tag-news","16":"tag-occitanie","17":"tag-republique-francaise"},"share_on_mastodon":{"url":"https:\/\/pubeurope.com\/@fr\/115078976321299098","error":""},"_links":{"self":[{"href":"https:\/\/www.europesays.com\/fr\/wp-json\/wp\/v2\/posts\/338857","targetHints":{"allow":["GET"]}}],"collection":[{"href":"https:\/\/www.europesays.com\/fr\/wp-json\/wp\/v2\/posts"}],"about":[{"href":"https:\/\/www.europesays.com\/fr\/wp-json\/wp\/v2\/types\/post"}],"author":[{"embeddable":true,"href":"https:\/\/www.europesays.com\/fr\/wp-json\/wp\/v2\/users\/2"}],"replies":[{"embeddable":true,"href":"https:\/\/www.europesays.com\/fr\/wp-json\/wp\/v2\/comments?post=338857"}],"version-history":[{"count":0,"href":"https:\/\/www.europesays.com\/fr\/wp-json\/wp\/v2\/posts\/338857\/revisions"}],"wp:featuredmedia":[{"embeddable":true,"href":"https:\/\/www.europesays.com\/fr\/wp-json\/wp\/v2\/media\/338858"}],"wp:attachment":[{"href":"https:\/\/www.europesays.com\/fr\/wp-json\/wp\/v2\/media?parent=338857"}],"wp:term":[{"taxonomy":"category","embeddable":true,"href":"https:\/\/www.europesays.com\/fr\/wp-json\/wp\/v2\/categories?post=338857"},{"taxonomy":"post_tag","embeddable":true,"href":"https:\/\/www.europesays.com\/fr\/wp-json\/wp\/v2\/tags?post=338857"}],"curies":[{"name":"wp","href":"https:\/\/api.w.org\/{rel}","templated":true}]}}