{"id":338859,"date":"2025-08-23T16:16:10","date_gmt":"2025-08-23T16:16:10","guid":{"rendered":"https:\/\/www.europesays.com\/fr\/338859\/"},"modified":"2025-08-23T16:16:10","modified_gmt":"2025-08-23T16:16:10","slug":"on-accepte-tous-le-monde","status":"publish","type":"post","link":"https:\/\/www.europesays.com\/fr\/338859\/","title":{"rendered":"\u00ab On accepte tous le monde \u00bb"},"content":{"rendered":"<p>            Par<br \/>\n        <strong><br \/>\n            <a href=\"https:\/\/actu.fr\/auteur\/adrien-filoche\" title=\"Consulter tous les articles de Adrien Filoche\" rel=\"nofollow noopener\" target=\"_blank\">Adrien Filoche<\/a><br \/>\n        <\/strong><\/p>\n<p>        Publi\u00e9 le<\/p>\n<p>            23 ao\u00fbt 2025 \u00e0 17h48        <\/p>\n<p>Motard depuis d\u00e9sormais sept ans, Julien a toujours aim\u00e9<strong> partag\u00e9 sa passion<\/strong>. \u00ab\u00a0Avec plusieurs amis, on appartenait \u00e0 un groupe de motards. Mais on ne s\u2019y retrouvait plus, alors on a d\u00e9cid\u00e9 de cr\u00e9er le notre \u00e0 Rouen\u00a0\u00bb, explique le pilote de 28 ans. D\u00e9but juillet 2025, il lance une page sur Facebook avec Marc et Lize, deux compagnons de route. Aujourd\u2019hui, le groupe <a href=\"https:\/\/www.facebook.com\/groups\/1801833684017430\/\" rel=\"nofollow noopener\" target=\"_blank\">Les Motard(e)s de Rouen<\/a> regroupe plus de 600 membres.<\/p>\n<p>Balades, ap\u00e9ros, sorties\u2026<\/p>\n<p class=\" wall-content\">\u00ab\u00a0On accepte tout le monde, m\u00eame les 125cc. On est l\u00e0 pour rouler avec tout le monde\u00a0\u00bb, confie Julien en souriant. Et d\u2019ajouter : \u00ab\u00a0On est ouvert \u00e0 tous les motards de l\u2019agglo, mais aussi du Havre, de l\u2019Eure.\u00a0\u00bb<\/p>\n<p class=\" wall-content\">Tous les weekends, les membres proposent <strong>des \u00e9v\u00e8nements. \u00ab\u00a0<\/strong>C\u2019est autant des balades, des sorties en mer que des ap\u00e9ros\u00a0\u00bb, explique le fondateur. Jusqu\u2019au mois d\u2019octobre, les fins de semaines sont d\u00e9j\u00e0 bien remplies !<\/p>\n<blockquote class=\"ac-article-quote wall-content\">\n<p>Lorsqu&rsquo;on organise quelque chose, on cr\u00e9e un \u00e9v\u00e8nement sur le groupe Facebook, et apr\u00e8s chacun qui le souhaite peut rejoindre.<\/p>\n<p>    <strong>Julien<\/strong><br \/>\n        fondateur du groupe Les Motard(e)s de Rouen    <\/p><\/blockquote>\n<p class=\" wall-content\">\u00ab\u00a0On met en avant l\u2019esprit familial, l\u2019entraide, le partage. On n\u2019est pas l\u00e0 pour trier\u00a0\u00bb, souligne le fondateur du groupe Les Motard(e)s de Rouen.<\/p>\n<p class=\" wall-content\">Vendredi dernier, les membres du groupe se sont donn\u00e9s rendez-vous au Snooker Bowl sur les quais. \u00ab\u00a0Puis apr\u00e8s, on a fait un karting\u00a0\u00bb, relate Julien. Le samedi qui a suivi, les motards sont partis \u00e0 la foire de Dieppe, \u00ab\u00a0on a mang\u00e9 ensemble l\u00e0-bas, on a fait des man\u00e8ges\u00a0\u00bb. Et en fin d\u2019ann\u00e9e, <strong>une grande sortie au Mont Saint-Michel<\/strong> est d\u00e9j\u00e0 au programme.<\/p>\n<p>Suivez l\u2019actualit\u00e9 de Rouen sur <a href=\"https:\/\/www.whatsapp.com\/channel\/0029VaKfnf99hXF2ddApFB1D\" rel=\"nofollow noopener\" target=\"_blank\">notre cha\u00eene WhatsApp<\/a> et sur <a href=\"https:\/\/www.tiktok.com\/@76actu.fr?lang=fr\" rel=\"nofollow noopener\" target=\"_blank\">notre compte TikTok<\/a><\/p>\n<p class=\" wall-content\">Personnalisez votre actualit\u00e9 en ajoutant vos villes et m\u00e9dias en favori avec <a href=\"https:\/\/moncompte.actu.fr\" title=\"D\u00e9couvez Mon Actu\" rel=\"nofollow noopener\" data-trk=\"{&quot;cta&quot;:{&quot;action&quot;:&quot;https:\\\/\\\/moncompte.actu.fr&quot;,&quot;category&quot;:&quot;mon compte&quot;,&quot;from&quot;:&quot;article footer&quot;,&quot;name&quot;:&quot;Mon actu&quot;,&quot;type&quot;:&quot;cta&quot;}}\" target=\"_blank\">Mon Actu<\/a>.<\/p>\n<p>                    <script async src=\"\/\/www.tiktok.com\/embed.js\"><\/script><\/p>\n","protected":false},"excerpt":{"rendered":"Par Adrien Filoche Publi\u00e9 le 23 ao\u00fbt 2025 \u00e0 17h48 Motard depuis d\u00e9sormais sept ans, Julien a toujours&hellip;\n","protected":false},"author":2,"featured_media":338860,"comment_status":"","ping_status":"","sticky":false,"template":"","format":"standard","meta":{"footnotes":""},"categories":[9587],"tags":[1111,11,1777,674,4688,1011,27,1652,1457,12,5161,25,9590],"class_list":{"0":"post-338859","1":"post","2":"type-post","3":"status-publish","4":"format-standard","5":"has-post-thumbnail","7":"category-rouen","8":"tag-actu","9":"tag-actualites","10":"tag-eu","11":"tag-europe","12":"tag-facebook","13":"tag-fr","14":"tag-france","15":"tag-loisirs-culture","16":"tag-moto","17":"tag-news","18":"tag-normandie","19":"tag-republique-francaise","20":"tag-rouen"},"share_on_mastodon":{"url":"https:\/\/pubeurope.com\/@fr\/115078980226852739","error":""},"_links":{"self":[{"href":"https:\/\/www.europesays.com\/fr\/wp-json\/wp\/v2\/posts\/338859","targetHints":{"allow":["GET"]}}],"collection":[{"href":"https:\/\/www.europesays.com\/fr\/wp-json\/wp\/v2\/posts"}],"about":[{"href":"https:\/\/www.europesays.com\/fr\/wp-json\/wp\/v2\/types\/post"}],"author":[{"embeddable":true,"href":"https:\/\/www.europesays.com\/fr\/wp-json\/wp\/v2\/users\/2"}],"replies":[{"embeddable":true,"href":"https:\/\/www.europesays.com\/fr\/wp-json\/wp\/v2\/comments?post=338859"}],"version-history":[{"count":0,"href":"https:\/\/www.europesays.com\/fr\/wp-json\/wp\/v2\/posts\/338859\/revisions"}],"wp:featuredmedia":[{"embeddable":true,"href":"https:\/\/www.europesays.com\/fr\/wp-json\/wp\/v2\/media\/338860"}],"wp:attachment":[{"href":"https:\/\/www.europesays.com\/fr\/wp-json\/wp\/v2\/media?parent=338859"}],"wp:term":[{"taxonomy":"category","embeddable":true,"href":"https:\/\/www.europesays.com\/fr\/wp-json\/wp\/v2\/categories?post=338859"},{"taxonomy":"post_tag","embeddable":true,"href":"https:\/\/www.europesays.com\/fr\/wp-json\/wp\/v2\/tags?post=338859"}],"curies":[{"name":"wp","href":"https:\/\/api.w.org\/{rel}","templated":true}]}}