{"id":338861,"date":"2025-08-23T16:17:10","date_gmt":"2025-08-23T16:17:10","guid":{"rendered":"https:\/\/www.europesays.com\/fr\/338861\/"},"modified":"2025-08-23T16:17:10","modified_gmt":"2025-08-23T16:17:10","slug":"pres-de-rouen-il-a-passe-sa-vie-a-composer-le-jardin-de-ses-reves","status":"publish","type":"post","link":"https:\/\/www.europesays.com\/fr\/338861\/","title":{"rendered":"Pr\u00e8s de Rouen, il a pass\u00e9 sa vie \u00e0 composer le jardin de ses r\u00eaves"},"content":{"rendered":"<p>            Par<br \/>\n        <strong><br \/>\n            <a href=\"https:\/\/actu.fr\/auteur\/emilien-jacques\" title=\"Consulter tous les articles de Emilien Jacques\" target=\"_blank\" rel=\"noopener\">Emilien Jacques<\/a><br \/>\n        <\/strong><\/p>\n<p>        Publi\u00e9 le<\/p>\n<p>            23 ao\u00fbt 2025 \u00e0 17h08        <\/p>\n<p>Francis Bligny a 30\u00a0ans lorsqu\u2019en 1964, <strong>il d\u00e9couvre le domaine de La Blondini\u00e8re<\/strong>. Un terrain d\u2019un hectare, <a href=\"https:\/\/actu.fr\/normandie\/saint-martin-du-vivier_76617\" target=\"_blank\" rel=\"noopener\">\u00e0 Saint-Martin-du-Vivier<\/a>, <strong>non loin de Rouen<\/strong>, au milieu duquel une maison de 200m2 fait peine \u00e0 voir.<br \/>\u00c0 l\u2019\u00e9poque, tout est \u00e0 refaire. \u00ab La maison \u00e9tait habit\u00e9e, mais pas habitable \u00bb, s\u2019amuse l\u2019ancien chef d\u2019entreprise. Qu\u2019importe, Francis Bligny, dit avoir eu \u00ab le b\u00e9guin pour ce b\u00e2timent \u00bb, et en fait l\u2019acquisition pour 6\u00a0millions d\u2019anciens francs (environ 10 000\u00a0euros). Il emm\u00e9nage avec sa femme et ses quatre enfants en 66, <strong>et se lance un immense d\u00e9fi.<\/strong><\/p>\n<p>Un travail d\u2019arrache-pied<\/p>\n<p class=\" wall-content\">Apr\u00e8s avoir rendu la maison habitable, le travail ne s\u2019est pas arr\u00eat\u00e9 l\u00e0 pour Francis Bligny. Au contraire, il ne faisait presque que commencer. Ce passionn\u00e9 de jardinage, qui n\u2019a cependant jamais vraiment exerc\u00e9 lorsqu\u2019il arrive \u00e0 La Blondini\u00e8re, d\u00e9cide de se lancer. <strong>Et il ne le fait pas qu\u2019\u00e0 moiti\u00e9<\/strong>. \u00ab J\u2019ai pass\u00e9 beaucoup de soir\u00e9es \u00e0 lire des bouquins sur les jardins \u00bb, se souvient-il. \u00ab Il a fallu que j\u2019apprenne. \u00bb<\/p>\n<p class=\" wall-content\">Puis il commence \u00e0 faire des plans, un peu \u00e0 t\u00e2tons, il le reconna\u00eet, mais avec une volont\u00e9 de fer. Et il en fallait,<strong> pour sacrifier chaque week-end \u00e0 la conception du jardin de ses r\u00eaves<\/strong>. \u00ab J\u2019ai commenc\u00e9 par arracher 150 ou 200 vieux pommiers, \u00e7a nous a pris deux hivers \u00bb, raconte Francis Bligny, qui a \u00e9t\u00e9 accompagn\u00e9 dans son p\u00e9riple par son beau-fr\u00e8re et quelques amis de passage. \u00ab Puis j\u2019ai mis une douzaine de moutons pour d\u00e9sherber \u00bb, continue-t-il. \u00ab C\u2019\u00e9tait toujours \u00e7a de moins \u00e0 faire ! \u00bb C\u2019est alors qu\u2019il a pu commencer \u00e0 semer les premi\u00e8res graines\u2026<\/p>\n<p>Le jardin de ses r\u00eaves<\/p>\n<p class=\" wall-content\"><strong>Nous voil\u00e0 50\u00a0ans plus tard<\/strong>. Le terrain autrefois d\u00e9labr\u00e9 est aujourd\u2019hui un magnifique domaine ou chaque fleur, chaque plante, chaque arbuste est harmonieusement dispos\u00e9 sur une pelouse tondue de pr\u00e8s ou le long d\u2019all\u00e9es soigneusement entretenues. Les graines plant\u00e9es dans les ann\u00e9es 70<strong> sont devenues des arbres majestueux<\/strong> aux troncs imposants.<\/p>\n<p class=\" wall-content\">Ainsi, dans le jardin de Francis Bligny, on passe sous un c\u00e8dre, un h\u00eatre, un tulipier de Virginie, un \u00e9rable Japonais, un Ginkgo biloba\u2026 et \u00e0 c\u00f4t\u00e9 de superbes compositions florales. \u00ab J\u2019ai plant\u00e9 essentiellement des plantes de terres de Bruy\u00e8res \u00bb, qui prosp\u00e8re sur des sols acides et bien drain\u00e9s, explique le passionn\u00e9. Et ce tableau grandeur nature<strong> est \u00e9volutif selon les saisons<\/strong>. Cet \u00e9t\u00e9, ce sont, entre autres, les nombreux Hortensias que l\u2019on voit fleurir abondement.<\/p>\n<blockquote class=\"ac-article-quote wall-content\">\n<p>Je suis content d\u2019avoir cr\u00e9\u00e9 quelque chose de beau.<\/p>\n<p>Francis Bligny<\/p><\/blockquote>\n<p>Votre r\u00e9gion, votre actu !<\/p>\n<p>Recevez chaque jour les infos qui comptent pour vous.<\/p>\n<p>\t<a href=\"https:\/\/actu.fr\/newsletter\" class=\"ac-btn ac-btn--corner ac-btn--medium ac-btn--blue800\" target=\"_blank\" rel=\"noopener\">S&rsquo;incrire<\/a><\/p>\n<p class=\" wall-content\">Aujourd\u2019hui, un jardinier passe deux jours par semaine \u00e0 entretenir cet ensemble, pens\u00e9 et cr\u00e9\u00e9 de toutes pi\u00e8ces par Francis Bligny.<strong> \u00ab \u00c7a a \u00e9t\u00e9 toute une aventure \u00bb<\/strong>, dans laquelle il a pris \u00ab beaucoup de plaisir \u00bb, d\u00e9crit aujourd\u2019hui l\u2019homme de 90\u00a0ans. \u00ab Je suis content d\u2019avoir cr\u00e9\u00e9 quelque chose de beau \u00bb, r\u00e9sume-t-il simplement.<\/p>\n<p>Suivez l\u2019actualit\u00e9 de Rouen <a href=\"https:\/\/www.whatsapp.com\/channel\/0029VaKfnf99hXF2ddApFB1D\" target=\"_blank\" rel=\"noopener\">sur notre cha\u00eene WhatsApp<\/a> et <a href=\"https:\/\/www.tiktok.com\/@76actu.fr?lang=fr\" target=\"_blank\" rel=\"noopener\">sur notre compte TikTok<\/a><\/p>\n<p class=\" wall-content\">Personnalisez votre actualit\u00e9 en ajoutant vos villes et m\u00e9dias en favori avec <a href=\"https:\/\/moncompte.actu.fr\" title=\"D\u00e9couvez Mon Actu\" rel=\"nofollow noopener\" data-trk=\"{&quot;cta&quot;:{&quot;action&quot;:&quot;https:\\\/\\\/moncompte.actu.fr&quot;,&quot;category&quot;:&quot;mon compte&quot;,&quot;from&quot;:&quot;article footer&quot;,&quot;name&quot;:&quot;Mon actu&quot;,&quot;type&quot;:&quot;cta&quot;}}\" target=\"_blank\">Mon Actu<\/a>.<\/p>\n<p>                    <script async src=\"\/\/www.tiktok.com\/embed.js\"><\/script><\/p>\n","protected":false},"excerpt":{"rendered":"Par Emilien Jacques Publi\u00e9 le 23 ao\u00fbt 2025 \u00e0 17h08 Francis Bligny a 30\u00a0ans lorsqu\u2019en 1964, il d\u00e9couvre&hellip;\n","protected":false},"author":2,"featured_media":338862,"comment_status":"","ping_status":"","sticky":false,"template":"","format":"standard","meta":{"footnotes":""},"categories":[9587],"tags":[1111,11,1777,674,1011,27,2575,1652,12,5161,25,9590],"class_list":{"0":"post-338861","1":"post","2":"type-post","3":"status-publish","4":"format-standard","5":"has-post-thumbnail","7":"category-rouen","8":"tag-actu","9":"tag-actualites","10":"tag-eu","11":"tag-europe","12":"tag-fr","13":"tag-france","14":"tag-jardinage","15":"tag-loisirs-culture","16":"tag-news","17":"tag-normandie","18":"tag-republique-francaise","19":"tag-rouen"},"share_on_mastodon":{"url":"https:\/\/pubeurope.com\/@fr\/115078984093360100","error":""},"_links":{"self":[{"href":"https:\/\/www.europesays.com\/fr\/wp-json\/wp\/v2\/posts\/338861","targetHints":{"allow":["GET"]}}],"collection":[{"href":"https:\/\/www.europesays.com\/fr\/wp-json\/wp\/v2\/posts"}],"about":[{"href":"https:\/\/www.europesays.com\/fr\/wp-json\/wp\/v2\/types\/post"}],"author":[{"embeddable":true,"href":"https:\/\/www.europesays.com\/fr\/wp-json\/wp\/v2\/users\/2"}],"replies":[{"embeddable":true,"href":"https:\/\/www.europesays.com\/fr\/wp-json\/wp\/v2\/comments?post=338861"}],"version-history":[{"count":0,"href":"https:\/\/www.europesays.com\/fr\/wp-json\/wp\/v2\/posts\/338861\/revisions"}],"wp:featuredmedia":[{"embeddable":true,"href":"https:\/\/www.europesays.com\/fr\/wp-json\/wp\/v2\/media\/338862"}],"wp:attachment":[{"href":"https:\/\/www.europesays.com\/fr\/wp-json\/wp\/v2\/media?parent=338861"}],"wp:term":[{"taxonomy":"category","embeddable":true,"href":"https:\/\/www.europesays.com\/fr\/wp-json\/wp\/v2\/categories?post=338861"},{"taxonomy":"post_tag","embeddable":true,"href":"https:\/\/www.europesays.com\/fr\/wp-json\/wp\/v2\/tags?post=338861"}],"curies":[{"name":"wp","href":"https:\/\/api.w.org\/{rel}","templated":true}]}}