{"id":338865,"date":"2025-08-23T16:20:35","date_gmt":"2025-08-23T16:20:35","guid":{"rendered":"https:\/\/www.europesays.com\/fr\/338865\/"},"modified":"2025-08-23T16:20:35","modified_gmt":"2025-08-23T16:20:35","slug":"ligue-2-gf38-fc-annecy-asse-on-connait-la-programmation-des-deux-multiplex-en-semaine","status":"publish","type":"post","link":"https:\/\/www.europesays.com\/fr\/338865\/","title":{"rendered":"Ligue 2. GF38, FC Annecy, ASSE&#8230; On conna\u00eet la programmation des deux multiplex en semaine"},"content":{"rendered":"<p class=\"insetTitle\">Le GF38 et Saint-Etienne d\u00e9cal\u00e9s pour la 9e journ\u00e9e<\/p>\n<p>Ce mercredi, la Ligue de Football Professionnel (LFP) a aussi d\u00e9voil\u00e9 le programme d\u00e9taill\u00e9 de la 9e journ\u00e9e (3 et 4 octobre). Le FC Annecy restera \u00e0 l\u2019horaire du vendredi soir \u00e0 20 heures, avec la venue de Laval. En revanche, le Grenoble Foot 38 et l\u2019AS Saint-Etienne \u00e9volueront le lendemain. Les Is\u00e9rois iront samedi en d\u00e9but d\u2019apr\u00e8s-midi \u00e0 Reims, un des rel\u00e9gu\u00e9s de Ligue 1. Quant aux For\u00e9ziens, ils iront le samedi soir \u00e0 Montpellier (20 heures, \u00e0 la Mosson) pour le choc des favoris \u00e0 la (re)mont\u00e9e.<\/p>\n","protected":false},"excerpt":{"rendered":"Le GF38 et Saint-Etienne d\u00e9cal\u00e9s pour la 9e journ\u00e9e Ce mercredi, la Ligue de Football Professionnel (LFP) a&hellip;\n","protected":false},"author":2,"featured_media":338866,"comment_status":"","ping_status":"","sticky":false,"template":"","format":"standard","meta":{"footnotes":""},"categories":[9566],"tags":[1111,11,9443,2430,3856,112,1777,674,20116,1701,63,1011,27,12637,2731,4638,108,12636,12,25,517,1947],"class_list":{"0":"post-338865","1":"post","2":"type-post","3":"status-publish","4":"format-standard","5":"has-post-thumbnail","7":"category-grenoble","8":"tag-actu","9":"tag-actualites","10":"tag-asse-as-saint-etienne","11":"tag-auvergne-rhone-alpes","12":"tag-edition-annecy-rumilly-les-aravis","13":"tag-edition-grenoble-agglomeration","14":"tag-eu","15":"tag-europe","16":"tag-fc-annecy","17":"tag-fil-info-sport","18":"tag-football","19":"tag-fr","20":"tag-france","21":"tag-gf38-grenoble-foot-38","22":"tag-grenoble","23":"tag-haute-savoie","24":"tag-isere","25":"tag-ligue-2-football","26":"tag-news","27":"tag-republique-francaise","28":"tag-sport","29":"tag-sport-national"},"share_on_mastodon":{"url":"https:\/\/pubeurope.com\/@fr\/115078995877085223","error":""},"_links":{"self":[{"href":"https:\/\/www.europesays.com\/fr\/wp-json\/wp\/v2\/posts\/338865","targetHints":{"allow":["GET"]}}],"collection":[{"href":"https:\/\/www.europesays.com\/fr\/wp-json\/wp\/v2\/posts"}],"about":[{"href":"https:\/\/www.europesays.com\/fr\/wp-json\/wp\/v2\/types\/post"}],"author":[{"embeddable":true,"href":"https:\/\/www.europesays.com\/fr\/wp-json\/wp\/v2\/users\/2"}],"replies":[{"embeddable":true,"href":"https:\/\/www.europesays.com\/fr\/wp-json\/wp\/v2\/comments?post=338865"}],"version-history":[{"count":0,"href":"https:\/\/www.europesays.com\/fr\/wp-json\/wp\/v2\/posts\/338865\/revisions"}],"wp:featuredmedia":[{"embeddable":true,"href":"https:\/\/www.europesays.com\/fr\/wp-json\/wp\/v2\/media\/338866"}],"wp:attachment":[{"href":"https:\/\/www.europesays.com\/fr\/wp-json\/wp\/v2\/media?parent=338865"}],"wp:term":[{"taxonomy":"category","embeddable":true,"href":"https:\/\/www.europesays.com\/fr\/wp-json\/wp\/v2\/categories?post=338865"},{"taxonomy":"post_tag","embeddable":true,"href":"https:\/\/www.europesays.com\/fr\/wp-json\/wp\/v2\/tags?post=338865"}],"curies":[{"name":"wp","href":"https:\/\/api.w.org\/{rel}","templated":true}]}}