{"id":338867,"date":"2025-08-23T16:21:09","date_gmt":"2025-08-23T16:21:09","guid":{"rendered":"https:\/\/www.europesays.com\/fr\/338867\/"},"modified":"2025-08-23T16:21:09","modified_gmt":"2025-08-23T16:21:09","slug":"pres-de-rennes-une-nouvelle-salle-de-padel-va-ouvrir-a-la-rentree","status":"publish","type":"post","link":"https:\/\/www.europesays.com\/fr\/338867\/","title":{"rendered":"pr\u00e8s de Rennes, une nouvelle salle de padel va ouvrir \u00e0 la rentr\u00e9e"},"content":{"rendered":"<p>            Par<br \/>\n        <strong><br \/>\n            <a href=\"https:\/\/actu.fr\/auteur\/laurene-fertin\" title=\"Consulter tous les articles de Laur\u00e8ne Fertin\" rel=\"nofollow noopener\" target=\"_blank\">Laur\u00e8ne Fertin<\/a><br \/>\n        <\/strong><\/p>\n<p>        Publi\u00e9 le<\/p>\n<p>            23 ao\u00fbt 2025 \u00e0 17h29        <\/p>\n<p>Les vitres sont panoramiques, les terrains \u00ab\u2009derni\u00e8re g\u00e9n\u00e9ration\u2009\u00bb. Pr\u00e8s de Rennes (Ille-et-Vilaine), <strong>une nouvelle salle de padel<\/strong> va ouvrir pour le plus grand bonheur de celles et ceux qui pratiquent le sport dans la m\u00e9tropole.<\/p>\n<p class=\" wall-content\">\u00ab\u2009C\u2019est <strong>une activit\u00e9 sportive en vogue<\/strong>, mais beaucoup de joueurs souffrent du <strong>manque<\/strong>\u00a0<strong>de terrains\u2009\u00bb,<\/strong> glisse S\u00e9bastien Desbois, responsable de la nouvelle salle, d\u00e9nomm\u00e9e <a href=\"https:\/\/www.padelshot.fr\/\" rel=\"nofollow noopener\" target=\"_blank\">PadelShot<\/a>.\u00a0<\/p>\n<p>\u00ab\u2009Agrandir la communaut\u00e9 de joueurs\u2009\u00bb<\/p>\n<p class=\" wall-content\">Le Garden (Rennes), Cap Malo (Melesse), Breizh Padel (Bruz), Soccer Rennais (Rennes), Urban Padel\u2026 \u00c0 Rennes, en effet, \u00ab\u2009on compte <strong>une trentaine de pistes\u2009\u00bb<\/strong> au total \u2013 entendez une trentaine de terrains o\u00f9 l\u2019on peut jouer.<\/p>\n<p class=\" wall-content\">Pas assez pour se d\u00e9fouler seul ou entre amis alors que ce sport est <strong>en plein essor<\/strong>. \u00ab\u2009C\u2019est vite plein\u2009\u00bb, confirme celui qui tient \u00e9galement la boutique Tennispro, \u00e0 Chantepie.<\/p>\n<p class=\" wall-content\">Avec ce nouveau complexe,\u00a0situ\u00e9 au <strong>2, all\u00e9e Broc\u00e9liande<\/strong> (derri\u00e8re le magasin BUT) dans la m\u00eame commune, c\u2019est ainsi l\u2019occasion d\u2019amener <strong>plus de terrains, mais<\/strong>\u00a0aussi <strong>des nouveaux joueurs<\/strong>.<\/p>\n<blockquote class=\"ac-article-quote wall-content\">\n<p>L&rsquo;objectif est d&rsquo;agrandir la communaut\u00e9 de joueurs mais aussi d&rsquo;initier celles et ceux qui ne connaissent pas la pratique. <\/p>\n<p>    <strong>S\u00e9bastien Desbois<\/strong>\n            <\/p><\/blockquote>\n<p>C&rsquo;est quoi, le padel ?<\/p>\n<p>Le padel est un sport de raquette. Il m\u00e9lange tennis, squash et badminton. Il se pratique sur un terrain de 200 m\u00b2. Le filet est haut de 88 cm et le terrain divis\u00e9 en deux parties. La particularit\u00e9 : la piste est encadr\u00e9e de vitre en verres et de grilles.<\/p>\n<p>Votre r\u00e9gion, votre actu !<\/p>\n<p>Recevez chaque jour les infos qui comptent pour vous.<\/p>\n<p>\t<a href=\"https:\/\/actu.fr\/newsletter\" class=\"ac-btn ac-btn--corner ac-btn--medium ac-btn--blue800\" rel=\"nofollow noopener\" target=\"_blank\">S&rsquo;incrire<\/a><br \/>\n\u00ab\u2009Sur du haut de gamme\u2009\u00bb<\/p>\n<p class=\" wall-content\">Concr\u00e8tement, c\u2019est <strong>un ancien entrep\u00f4t de logistique<\/strong> qui a \u00e9t\u00e9 enti\u00e8rement <strong>r\u00e9nov\u00e9.<\/strong> Sur place, sept pistes ont pris place. Sur les terrains, la vue est en effet panoramique\u2026 \u00ab\u2009L\u00e0, on est sur <strong>du haut de gamme\u2009\u00bb<\/strong>, sourit S\u00e9bastien.<\/p>\n<p class=\" wall-content\">Un <strong>house club<\/strong> est \u00e9galement en train d\u2019\u00eatre peaufin\u00e9. \u00ab\u2009Il sera chaleureux, moderne et cosy\u2009\u00bb, pr\u00e9cise S\u00e9bastien. \u00ab\u2009Il y aura <strong>trois t\u00e9l\u00e9visions<\/strong> pour diffuser des matchs,<strong> une salle de s\u00e9minaire<\/strong> pour accueillir des afterworks ou encore des activit\u00e9s de team building.\u2009\u00bb Il sera possible de<strong> s\u2019y restaurer<\/strong> (avec du snacking type pizza, panini) et de <strong>s\u2019y d\u00e9salt\u00e9rer<\/strong>.<\/p>\n<p class=\" wall-content\">\u00c0 l\u2019avenir, <strong>une terrasse<\/strong> sera am\u00e9nag\u00e9e. Et bien s\u00fbr, sur place, il y aura des <strong>vestiaires<\/strong> et <strong>douches<\/strong> r\u00e9serv\u00e9s aux femmes et aux hommes pour se changer et effectuer un brin de toilette.<\/p>\n<p>N\u00b04 du padel fran\u00e7ais<\/p>\n<p class=\" wall-content\">Environ 200\u00a0joueurs et joueuses sont attendus, par jour, au PadelShot de Chantepie.<\/p>\n<p class=\" wall-content\">Il sera possible de <strong>r\u00e9server<\/strong> une piste pour des sessions d\u2019une heure, 1h30 et plus via une application bient\u00f4t sur pied.<strong> Des cours<\/strong> pourront \u00eatre propos\u00e9s et seront encadr\u00e9s par trois professeurs. \u00ab\u2009D\u2019ailleurs\u2009\u00bb, ajoute S\u00e9bastien Desbois, <strong>\u00ab\u2009Simon Boisset<\/strong>, num\u00e9ro\u00a04 fran\u00e7ais de la discipline, sera parmi l\u2019\u00e9quipe\u2009\u00bb.<\/p>\n<p class=\" wall-content\"><strong>Des tournois<\/strong> seront aussi organis\u00e9s. L\u2019ouverture est pr\u00e9vue pour le vendredi 5 septembre 2025.\u00a0<\/p>\n<p class=\" wall-content\">Personnalisez votre actualit\u00e9 en ajoutant vos villes et m\u00e9dias en favori avec <a href=\"https:\/\/moncompte.actu.fr\" title=\"D\u00e9couvez Mon Actu\" rel=\"nofollow noopener\" data-trk=\"{&quot;cta&quot;:{&quot;action&quot;:&quot;https:\\\/\\\/moncompte.actu.fr&quot;,&quot;category&quot;:&quot;mon compte&quot;,&quot;from&quot;:&quot;article footer&quot;,&quot;name&quot;:&quot;Mon actu&quot;,&quot;type&quot;:&quot;cta&quot;}}\" target=\"_blank\">Mon Actu<\/a>.<\/p>\n","protected":false},"excerpt":{"rendered":"Par Laur\u00e8ne Fertin Publi\u00e9 le 23 ao\u00fbt 2025 \u00e0 17h29 Les vitres sont panoramiques, les terrains \u00ab\u2009derni\u00e8re g\u00e9n\u00e9ration\u2009\u00bb.&hellip;\n","protected":false},"author":2,"featured_media":338868,"comment_status":"","ping_status":"","sticky":false,"template":"","format":"standard","meta":{"footnotes":""},"categories":[2821],"tags":[1111,11,829,1777,674,1011,27,12,584,25,60],"class_list":{"0":"post-338867","1":"post","2":"type-post","3":"status-publish","4":"format-standard","5":"has-post-thumbnail","7":"category-rennes","8":"tag-actu","9":"tag-actualites","10":"tag-bretagne","11":"tag-eu","12":"tag-europe","13":"tag-fr","14":"tag-france","15":"tag-news","16":"tag-rennes","17":"tag-republique-francaise","18":"tag-sports"},"share_on_mastodon":{"url":"https:\/\/pubeurope.com\/@fr\/115078999843055834","error":""},"_links":{"self":[{"href":"https:\/\/www.europesays.com\/fr\/wp-json\/wp\/v2\/posts\/338867","targetHints":{"allow":["GET"]}}],"collection":[{"href":"https:\/\/www.europesays.com\/fr\/wp-json\/wp\/v2\/posts"}],"about":[{"href":"https:\/\/www.europesays.com\/fr\/wp-json\/wp\/v2\/types\/post"}],"author":[{"embeddable":true,"href":"https:\/\/www.europesays.com\/fr\/wp-json\/wp\/v2\/users\/2"}],"replies":[{"embeddable":true,"href":"https:\/\/www.europesays.com\/fr\/wp-json\/wp\/v2\/comments?post=338867"}],"version-history":[{"count":0,"href":"https:\/\/www.europesays.com\/fr\/wp-json\/wp\/v2\/posts\/338867\/revisions"}],"wp:featuredmedia":[{"embeddable":true,"href":"https:\/\/www.europesays.com\/fr\/wp-json\/wp\/v2\/media\/338868"}],"wp:attachment":[{"href":"https:\/\/www.europesays.com\/fr\/wp-json\/wp\/v2\/media?parent=338867"}],"wp:term":[{"taxonomy":"category","embeddable":true,"href":"https:\/\/www.europesays.com\/fr\/wp-json\/wp\/v2\/categories?post=338867"},{"taxonomy":"post_tag","embeddable":true,"href":"https:\/\/www.europesays.com\/fr\/wp-json\/wp\/v2\/tags?post=338867"}],"curies":[{"name":"wp","href":"https:\/\/api.w.org\/{rel}","templated":true}]}}