{"id":338875,"date":"2025-08-23T16:29:13","date_gmt":"2025-08-23T16:29:13","guid":{"rendered":"https:\/\/www.europesays.com\/fr\/338875\/"},"modified":"2025-08-23T16:29:13","modified_gmt":"2025-08-23T16:29:13","slug":"un-lyceen-nicois-decroche-la-3e-place-au-concours-national-dillustration-sur-la-protection-des-oceans","status":"publish","type":"post","link":"https:\/\/www.europesays.com\/fr\/338875\/","title":{"rendered":"Un lyc\u00e9en ni\u00e7ois d\u00e9croche la 3e place au concours national d\u2019illustration sur la protection des oc\u00e9ans"},"content":{"rendered":"<p>Il doit profiter sereinement de ses vacances! Batkhann Helin, lyc\u00e9en qui fera dans quelques jours sa rentr\u00e9e \u00e0 <strong>Stanislas<\/strong>, s\u2019est fait remarquer en d\u00e9crochant la <strong>3e place du concours d\u2019illustrations ISART consacr\u00e9 \u00e0 la protection des oc\u00e9ans.<\/strong><\/p>\n<p>Une \u00e9tape importante pour celui qui est arriv\u00e9 \u00e0 Nice \u00e0 l\u2019\u00e2ge de 3 ans, de sa Mongolie natale. Tr\u00e8s vite, il est happ\u00e9 par le dessin. Tout a commenc\u00e9 \u00e0 la maternelle, avec de simples formes g\u00e9om\u00e9triques pour repr\u00e9senter des humains. \u00ab\u00a0J\u2019ai ensuite progress\u00e9 avec les ann\u00e9es, et en CM1, j\u2019ai pris des cours \u00e0 la Villa Thiole. C\u2019est l\u00e0 que ma passion s\u2019est confirm\u00e9e\u202f\u00a0\u00bb, confie le jeune homme de 17 ans.<\/p>\n<p>Et, pour sa participation \u00e0 ce concours national, c\u2019est son p\u00e8re qui lui a souffl\u00e9 l\u2019id\u00e9e. \u00ab\u00a0J\u2019ai bien fait de tenter ma chance!\u00a0\u00bb, sourit Batkhann Helin. Son \u0153uvre, inspir\u00e9e du monde marin et de l\u2019\u00e9cologie, reprend la c\u00e9l\u00e8bre vague d\u2019Hokusai, revisit\u00e9e au stylo-bille avec des \u00e9l\u00e9ments d\u00e9non\u00e7ant la pollution des oc\u00e9ans. R\u00e9alis\u00e9e en une heure seulement, cette composition a convaincu le jury.<\/p>\n<p>Et pourtant, pour lui, ce n\u2019\u00e9tait \u00ab\u00a0pas le meilleur dessin\u202f [qu\u2019il] a pu faire\u00a0\u00bb. Qu\u2019importe, cette m\u00e9daille de bronze: \u00ab\u00a0\u00c7a m\u2019a permis d\u2019avoir plus confiance en moi. C\u2019est un argument de poids pour les \u00e9coles que je vise.\u00a0\u00bb<\/p>\n<p>Parmi ses inspirations: <strong>Salvador Dal\u00ed<\/strong>*, Basquiat ou encore l\u2019artiste ni\u00e7ois Patrick Moya. \u00ab\u00a0Peut-\u00eatre que [la ville] dans laquelle je vis, entre mer et montagne, a influenc\u00e9 mon art\u00a0\u00bb, glisse-t-il. Son objectif d\u00e9sormais: perfectionner sa technique, explorer l\u2019\u00e9criture, la vid\u00e9o, et participer \u00e0 d\u2019autres concours. \u00ab\u00a0J\u2019aimerais bien vivre de mon art. Ce ne sera pas simple, mais je vais m\u2019accrocher.\u00a0\u00bb<\/p>\n<p>* Une exposition est, d\u2019ailleurs, actuellement consacr\u00e9e au peintre espagnol \u00e0 l\u2019espace culturel d\u00e9partemental lympia, 2 quai Entrecasteux \u00e0 Nice. <br \/>&#13;<br \/>\nEntr\u00e9e libre. Jusqu\u2019au 23 novembre. <br \/>&#13;<br \/>\nSalvador Dal\u00ed: Divines cr\u00e9atures.<\/p>\n","protected":false},"excerpt":{"rendered":"Il doit profiter sereinement de ses vacances! Batkhann Helin, lyc\u00e9en qui fera dans quelques jours sa rentr\u00e9e \u00e0&hellip;\n","protected":false},"author":2,"featured_media":338876,"comment_status":"","ping_status":"","sticky":false,"template":"","format":"standard","meta":{"footnotes":""},"categories":[2819],"tags":[1111,11,1777,674,1011,27,12,2401,882,25,3366],"class_list":{"0":"post-338875","1":"post","2":"type-post","3":"status-publish","4":"format-standard","5":"has-post-thumbnail","7":"category-nice","8":"tag-actu","9":"tag-actualites","10":"tag-eu","11":"tag-europe","12":"tag-fr","13":"tag-france","14":"tag-news","15":"tag-nice","16":"tag-provence-alpes-cote-dazur","17":"tag-republique-francaise","18":"tag-vie-locale"},"share_on_mastodon":{"url":"https:\/\/pubeurope.com\/@fr\/115079031281219116","error":""},"_links":{"self":[{"href":"https:\/\/www.europesays.com\/fr\/wp-json\/wp\/v2\/posts\/338875","targetHints":{"allow":["GET"]}}],"collection":[{"href":"https:\/\/www.europesays.com\/fr\/wp-json\/wp\/v2\/posts"}],"about":[{"href":"https:\/\/www.europesays.com\/fr\/wp-json\/wp\/v2\/types\/post"}],"author":[{"embeddable":true,"href":"https:\/\/www.europesays.com\/fr\/wp-json\/wp\/v2\/users\/2"}],"replies":[{"embeddable":true,"href":"https:\/\/www.europesays.com\/fr\/wp-json\/wp\/v2\/comments?post=338875"}],"version-history":[{"count":0,"href":"https:\/\/www.europesays.com\/fr\/wp-json\/wp\/v2\/posts\/338875\/revisions"}],"wp:featuredmedia":[{"embeddable":true,"href":"https:\/\/www.europesays.com\/fr\/wp-json\/wp\/v2\/media\/338876"}],"wp:attachment":[{"href":"https:\/\/www.europesays.com\/fr\/wp-json\/wp\/v2\/media?parent=338875"}],"wp:term":[{"taxonomy":"category","embeddable":true,"href":"https:\/\/www.europesays.com\/fr\/wp-json\/wp\/v2\/categories?post=338875"},{"taxonomy":"post_tag","embeddable":true,"href":"https:\/\/www.europesays.com\/fr\/wp-json\/wp\/v2\/tags?post=338875"}],"curies":[{"name":"wp","href":"https:\/\/api.w.org\/{rel}","templated":true}]}}