{"id":338877,"date":"2025-08-23T16:30:15","date_gmt":"2025-08-23T16:30:15","guid":{"rendered":"https:\/\/www.europesays.com\/fr\/338877\/"},"modified":"2025-08-23T16:30:15","modified_gmt":"2025-08-23T16:30:15","slug":"suivez-le-match-de-la-deuxieme-journee-de-ligue-1-en-live","status":"publish","type":"post","link":"https:\/\/www.europesays.com\/fr\/338877\/","title":{"rendered":"suivez le match de la deuxi\u00e8me journ\u00e9e de Ligue 1 en live"},"content":{"rendered":"<p>\u00ab\u00a0Il y a le banc de touche ou la tribune\u00a0\u00bb: toujours ambitieux, Haise met en garde ses joueurs<\/p>\n<p>Confront\u00e9 \u00e0 un mercato d\u00e9licat et au d\u00e9part de plusieurs joueurs majeurs, Franck Haise refuse de revoir ses objectifs \u00e0 la baisse. L\u2019entra\u00eeneur de l\u2019OGC Nice reste d\u00e9termin\u00e9 \u00e0 viser le top 7 en Ligue 1 avec un beau parcours en Ligue Europa et en Coupe de France, tout en rappelant l\u2019exigence qu\u2019il attend de son groupe.<\/p>\n<p>&gt;&gt; <a href=\"https:\/\/rmcsport.bfmtv.com\/football\/clubs\/ogc-nice\/nice-il-y-a-le-banc-de-touche-ou-la-tribune-franck-haise-maintient-ses-grosses-ambitions-et-met-en-garde-ses-joueurs_AV-202508210471.html\" title=\"Nice: &quot;Il y a le banc de touche ou la tribune&quot;, Franck Haise maintient ses grosses ambitions et met en garde ses joueurs\" class=\"internal_link\" rel=\"nofollow noopener\" target=\"_blank\">La sortie forte de Franck Haise<\/a><\/p>\n<p>Bonjour \u00e0 toutes et \u00e0 tous !<\/p>\n<p>Et bienvenue dans ce live pour suivre en direct comment\u00e9 la rencontre entre l&rsquo;OGC Nice (16e, 0 point) et Auxerre (3e, 3 points), match de la 2e journ\u00e9e de Ligue 1. Coup d&rsquo;envoi pr\u00e9vu \u00e0 19 heures, \u00e0 suivre dans ce direct comment\u00e9 sur l&rsquo;app et le site RMC Sport !<\/p>\n","protected":false},"excerpt":{"rendered":"\u00ab\u00a0Il y a le banc de touche ou la tribune\u00a0\u00bb: toujours ambitieux, Haise met en garde ses joueurs&hellip;\n","protected":false},"author":2,"featured_media":337471,"comment_status":"","ping_status":"","sticky":false,"template":"","format":"standard","meta":{"footnotes":""},"categories":[2819],"tags":[1111,11,1777,674,1011,27,12,2401,882,25],"class_list":{"0":"post-338877","1":"post","2":"type-post","3":"status-publish","4":"format-standard","5":"has-post-thumbnail","7":"category-nice","8":"tag-actu","9":"tag-actualites","10":"tag-eu","11":"tag-europe","12":"tag-fr","13":"tag-france","14":"tag-news","15":"tag-nice","16":"tag-provence-alpes-cote-dazur","17":"tag-republique-francaise"},"share_on_mastodon":{"url":"https:\/\/pubeurope.com\/@fr\/115079035157846442","error":""},"_links":{"self":[{"href":"https:\/\/www.europesays.com\/fr\/wp-json\/wp\/v2\/posts\/338877","targetHints":{"allow":["GET"]}}],"collection":[{"href":"https:\/\/www.europesays.com\/fr\/wp-json\/wp\/v2\/posts"}],"about":[{"href":"https:\/\/www.europesays.com\/fr\/wp-json\/wp\/v2\/types\/post"}],"author":[{"embeddable":true,"href":"https:\/\/www.europesays.com\/fr\/wp-json\/wp\/v2\/users\/2"}],"replies":[{"embeddable":true,"href":"https:\/\/www.europesays.com\/fr\/wp-json\/wp\/v2\/comments?post=338877"}],"version-history":[{"count":0,"href":"https:\/\/www.europesays.com\/fr\/wp-json\/wp\/v2\/posts\/338877\/revisions"}],"wp:featuredmedia":[{"embeddable":true,"href":"https:\/\/www.europesays.com\/fr\/wp-json\/wp\/v2\/media\/337471"}],"wp:attachment":[{"href":"https:\/\/www.europesays.com\/fr\/wp-json\/wp\/v2\/media?parent=338877"}],"wp:term":[{"taxonomy":"category","embeddable":true,"href":"https:\/\/www.europesays.com\/fr\/wp-json\/wp\/v2\/categories?post=338877"},{"taxonomy":"post_tag","embeddable":true,"href":"https:\/\/www.europesays.com\/fr\/wp-json\/wp\/v2\/tags?post=338877"}],"curies":[{"name":"wp","href":"https:\/\/api.w.org\/{rel}","templated":true}]}}