{"id":338878,"date":"2025-08-23T16:33:20","date_gmt":"2025-08-23T16:33:20","guid":{"rendered":"https:\/\/www.europesays.com\/fr\/338878\/"},"modified":"2025-08-23T16:33:20","modified_gmt":"2025-08-23T16:33:20","slug":"ces-3-expos-gratuites-sont-a-decouvrir-avant-la-fin-de-lete-big-city-nantes","status":"publish","type":"post","link":"https:\/\/www.europesays.com\/fr\/338878\/","title":{"rendered":"Ces 3 expos gratuites sont \u00e0 d\u00e9couvrir avant la fin de l&rsquo;\u00e9t\u00e9 \u2013 Big City Nantes"},"content":{"rendered":"<p>Ok, l\u2019\u00e9t\u00e9 se termine doucement\u2026 mais ce n\u2019est pas une raison pour rester clo\u00eetr\u00e9 chez toi en mode glace-s\u00e9ries. Et comme on sait que tes vacances ont s\u00fbrement laiss\u00e9 ta carte bleue en PLS, on a pens\u00e9 \u00e0 toi : \u00e0 Nantes, il y a de quoi te cultiver sans d\u00e9penser un centime ! La ville regorge <strong>d\u2019expos sympas et gratuites en ce moment.<\/strong> Au programme : des d\u00e9couvertes, de l\u2019inspiration, et surtout z\u00e9ro excuse pour ne pas en profiter. <strong>Big City t\u2019a s\u00e9lectionn\u00e9 3 expos \u00e0 voir absolument en ce moment \u00e0 Nantes \ud83d\ude09<\/strong><\/p>\n<p>In Silentio : Un robot qui tricote en live et des statues de fil<img loading=\"lazy\" decoding=\"async\" width=\"680\" height=\"510\" src=\"https:\/\/www.europesays.com\/fr\/wp-content\/uploads\/2025\/08\/Expo-in-silentio-nantes.png\" alt=\"Expo in silentio nantes\" class=\"lazyload wp-image-115361\"  data-\/><\/p>\n<p><strong>Tu penses que le silence, c\u2019est ennuyeux ?<\/strong>\u00a0Attends de voir ce que \u00e7a donne quand deux artistes t\u2019invitent \u00e0 l\u2019explorer \u00e0 travers des oeuvres in\u00e9dites\u2026 Sculptures textiles, robot qui tisse en live, court-m\u00e9trage et des mots suspendus dans l\u2019air\u2026\u00a0<strong>Bienvenue dans\u00a0In Silentio, la nouvelle exposition po\u00e9tique \u00e0 d\u00e9couvrir gratuitement au Lieu Unique \u00e0 Nantes jusqu\u2019au 31 ao\u00fbt !<\/strong><\/p>\n<p>Combien de terres faut-il \u00e0 l\u2019homme ? Une invitation \u00e0 la r\u00e9flexion sur notre monde<img loading=\"lazy\" decoding=\"async\" width=\"680\" height=\"510\" src=\"https:\/\/www.europesays.com\/fr\/wp-content\/uploads\/2025\/08\/expo-Friedmann.png\" alt=\"exposition Gloria Friedmann\" class=\"lazyload wp-image-114179\"  data-\/>Exposition Gloria Friedmann \u00a9Big City<\/p>\n<p>Du\u00a0<strong>16 mai au 28 septembre 2025<\/strong>, la\u00a0<strong>HAB Galerie<\/strong>\u00a0accueille l\u2019artiste\u00a0<strong>Gloria Friedmann<\/strong>\u00a0pour une exposition unique :\u00a0<strong>\u00ab Combien de terres faut-il \u00e0 l\u2019homme ? \u00bb<\/strong>. \u00c0 travers des \u0153uvres monumentales en terre, bois, mousse ou acier, l\u2019artiste allemande t\u2019invite \u00e0 r\u00e9fl\u00e9chir \u00e0 notre place dans le monde, et \u00e0 la mani\u00e8re dont l\u2019humanit\u00e9 fa\u00e7onne et d\u00e9truit son environnement.<\/p>\n<p>Vies de b\u00eates : des animaux s\u2019emparent de ce passage \u00e0 Nantes<img loading=\"lazy\" decoding=\"async\" width=\"680\" height=\"510\" src=\"https:\/\/www.europesays.com\/fr\/wp-content\/uploads\/2025\/08\/Expo-Vies-de-Betes.png\" alt=\"\" class=\"lazyload wp-image-117226\"  data-\/><\/p>\n<p><strong>Du 28 juin au 31 ao\u00fbt 2025<\/strong>, le Passage Sainte-Croix accueille l\u2019expo <strong>Vies de b\u00eates<\/strong> d\u2019\u00c9l\u00e9onore Saintagnan. Une expo o\u00f9 poisson g\u00e9ant, perroquet et hippopotames  d\u00e9barquent pour questionner notre fa\u00e7on de cohabiter avec les animaux. En m\u00ealant sculptures et films, l\u2019artiste interroge notre rapport \u00e0 la nature et r\u00e9v\u00e8le des enjeux socio\u00e9cologiques tr\u00e8s actuels.<\/p>\n<p>Et pour te balader sous le soleil, tu peux toujours profiter du Voyage \u00e0 Nantes avec ses installations monumentales \u00e0 d\u00e9couvrir dans toute la ville.<\/p>\n<p>Enfin, pour une escapade culturelle, pense \u00e0 d\u00e9couvrir l\u2019expo Word is round au FRAC des Pays de la Loire \u00e0 Carquefou ou encore le parcours art &amp; nature au Manoir des Renaudi\u00e8res. <a href=\"https:\/\/www.bigcitynantes.fr\/actu\/une-journee-devasion-a-deux-pas-de-nantes\/\" target=\"_blank\" rel=\"noreferrer noopener nofollow\">On t\u2019a imagin\u00e9 un programme aux petits oignons juste ici <\/a>\ud83d\ude09<\/p>\n<p>Allez, on te souhaite une belle fin d\u2019\u00e9t\u00e9 en mode culture \u00e0 Nantes \ud83d\udc99<\/p>\n","protected":false},"excerpt":{"rendered":"Ok, l\u2019\u00e9t\u00e9 se termine doucement\u2026 mais ce n\u2019est pas une raison pour rester clo\u00eetr\u00e9 chez toi en mode&hellip;\n","protected":false},"author":2,"featured_media":338879,"comment_status":"","ping_status":"","sticky":false,"template":"","format":"standard","meta":{"footnotes":""},"categories":[2818],"tags":[1111,11,1777,674,1011,27,766,12,2636,25],"class_list":{"0":"post-338878","1":"post","2":"type-post","3":"status-publish","4":"format-standard","5":"has-post-thumbnail","7":"category-nantes","8":"tag-actu","9":"tag-actualites","10":"tag-eu","11":"tag-europe","12":"tag-fr","13":"tag-france","14":"tag-nantes","15":"tag-news","16":"tag-pays-de-la-loire","17":"tag-republique-francaise"},"share_on_mastodon":{"url":"https:\/\/pubeurope.com\/@fr\/115079047402619738","error":""},"_links":{"self":[{"href":"https:\/\/www.europesays.com\/fr\/wp-json\/wp\/v2\/posts\/338878","targetHints":{"allow":["GET"]}}],"collection":[{"href":"https:\/\/www.europesays.com\/fr\/wp-json\/wp\/v2\/posts"}],"about":[{"href":"https:\/\/www.europesays.com\/fr\/wp-json\/wp\/v2\/types\/post"}],"author":[{"embeddable":true,"href":"https:\/\/www.europesays.com\/fr\/wp-json\/wp\/v2\/users\/2"}],"replies":[{"embeddable":true,"href":"https:\/\/www.europesays.com\/fr\/wp-json\/wp\/v2\/comments?post=338878"}],"version-history":[{"count":0,"href":"https:\/\/www.europesays.com\/fr\/wp-json\/wp\/v2\/posts\/338878\/revisions"}],"wp:featuredmedia":[{"embeddable":true,"href":"https:\/\/www.europesays.com\/fr\/wp-json\/wp\/v2\/media\/338879"}],"wp:attachment":[{"href":"https:\/\/www.europesays.com\/fr\/wp-json\/wp\/v2\/media?parent=338878"}],"wp:term":[{"taxonomy":"category","embeddable":true,"href":"https:\/\/www.europesays.com\/fr\/wp-json\/wp\/v2\/categories?post=338878"},{"taxonomy":"post_tag","embeddable":true,"href":"https:\/\/www.europesays.com\/fr\/wp-json\/wp\/v2\/tags?post=338878"}],"curies":[{"name":"wp","href":"https:\/\/api.w.org\/{rel}","templated":true}]}}