{"id":338880,"date":"2025-08-23T16:35:11","date_gmt":"2025-08-23T16:35:11","guid":{"rendered":"https:\/\/www.europesays.com\/fr\/338880\/"},"modified":"2025-08-23T16:35:11","modified_gmt":"2025-08-23T16:35:11","slug":"direct-bordeaux-granville-girondins-2","status":"publish","type":"post","link":"https:\/\/www.europesays.com\/fr\/338880\/","title":{"rendered":"Direct : Bordeaux-Granville &#8211; Girondins"},"content":{"rendered":"<p>Direct : Bordeaux-Granville &#8211; Girondins &#8211; actu Girondins de Bordeaux par WebGirondins, FCGB : Mercato infos et Transferts depuis 2001 avec le 1er e m\u00e9dia ind\u00e9pendant sur les Girondins<\/p>\n<p><img decoding=\"async\" src=\"https:\/\/www.europesays.com\/fr\/wp-content\/uploads\/2025\/08\/671_0ec7453e08d59970939225fe799395eb.jpg\" alt=\"Direct : Bordeaux-Granville\" class=\"img-responsive\"\/><\/p>\n<p>En cours<\/p>\n<dl>\n<dt>Composition Bordeaux<\/dt>\n<dd>Hoekstra &#8211; Jousselin &#8211; Grillot (C) &#8211; Droehnl\u00e9 &#8211; Trichard &#8211; Diop &#8211; Odru &#8211; Ba &#8211; Openda &#8211; Shamal &#8211; Villette<\/dd>\n<dt>Composition Granville<\/dt>\n<dd>Herbin &#8211; Mouniama &#8211; Emmanuelli &#8211; Lemeray &#8211; Diarra (C) &#8211; Coulibaly &#8211; Misse &#8211; Dj\u00e9dj\u00e9 &#8211; Lemari\u00e9 &#8211; Sidib\u00e9 &#8211; Rubio<\/dd>\n<\/dl>\n<p>  COMMENTAIRES<br \/>\n  ()<\/p>\n","protected":false},"excerpt":{"rendered":"Direct : Bordeaux-Granville &#8211; Girondins &#8211; actu Girondins de Bordeaux par WebGirondins, FCGB : Mercato infos et Transferts&hellip;\n","protected":false},"author":2,"featured_media":338881,"comment_status":"","ping_status":"","sticky":false,"template":"","format":"standard","meta":{"footnotes":""},"categories":[2817],"tags":[1111,11,14938,1997,3477,814,1777,674,2823,1011,27,1987,19521,820,955,3238,12,14455,2219,471,5486,25,3242,10040,13269,34927,3387,3681],"class_list":{"0":"post-338880","1":"post","2":"type-post","3":"status-publish","4":"format-standard","5":"has-post-thumbnail","7":"category-bordeaux","8":"tag-actu","9":"tag-actualites","10":"tag-bienvenue","11":"tag-bordeaux","12":"tag-cette","13":"tag-direct","14":"tag-eu","15":"tag-europe","16":"tag-face","17":"tag-fr","18":"tag-france","19":"tag-girondins","20":"tag-granville","21":"tag-live","22":"tag-match","23":"tag-national","24":"tag-news","25":"tag-notre","26":"tag-nouvelle-aquitaine","27":"tag-pour","28":"tag-rencontre","29":"tag-republique-francaise","30":"tag-saison","31":"tag-seconde","32":"tag-site","33":"tag-texte","34":"tag-tous","35":"tag-vivre"},"share_on_mastodon":{"url":"https:\/\/pubeurope.com\/@fr\/115079054929520930","error":""},"_links":{"self":[{"href":"https:\/\/www.europesays.com\/fr\/wp-json\/wp\/v2\/posts\/338880","targetHints":{"allow":["GET"]}}],"collection":[{"href":"https:\/\/www.europesays.com\/fr\/wp-json\/wp\/v2\/posts"}],"about":[{"href":"https:\/\/www.europesays.com\/fr\/wp-json\/wp\/v2\/types\/post"}],"author":[{"embeddable":true,"href":"https:\/\/www.europesays.com\/fr\/wp-json\/wp\/v2\/users\/2"}],"replies":[{"embeddable":true,"href":"https:\/\/www.europesays.com\/fr\/wp-json\/wp\/v2\/comments?post=338880"}],"version-history":[{"count":0,"href":"https:\/\/www.europesays.com\/fr\/wp-json\/wp\/v2\/posts\/338880\/revisions"}],"wp:featuredmedia":[{"embeddable":true,"href":"https:\/\/www.europesays.com\/fr\/wp-json\/wp\/v2\/media\/338881"}],"wp:attachment":[{"href":"https:\/\/www.europesays.com\/fr\/wp-json\/wp\/v2\/media?parent=338880"}],"wp:term":[{"taxonomy":"category","embeddable":true,"href":"https:\/\/www.europesays.com\/fr\/wp-json\/wp\/v2\/categories?post=338880"},{"taxonomy":"post_tag","embeddable":true,"href":"https:\/\/www.europesays.com\/fr\/wp-json\/wp\/v2\/tags?post=338880"}],"curies":[{"name":"wp","href":"https:\/\/api.w.org\/{rel}","templated":true}]}}