{"id":338882,"date":"2025-08-23T16:36:12","date_gmt":"2025-08-23T16:36:12","guid":{"rendered":"https:\/\/www.europesays.com\/fr\/338882\/"},"modified":"2025-08-23T16:36:12","modified_gmt":"2025-08-23T16:36:12","slug":"des-bus-vont-etre-devies-voici-les-lignes-concernees","status":"publish","type":"post","link":"https:\/\/www.europesays.com\/fr\/338882\/","title":{"rendered":"des bus vont \u00eatre d\u00e9vi\u00e9s, voici les lignes concern\u00e9es"},"content":{"rendered":"<p>            Par<br \/>\n        <strong><br \/>\n            <a href=\"https:\/\/actu.fr\/auteur\/lea-afonso\" title=\"Consulter tous les articles de L\u00e9a Afonso\" rel=\"nofollow noopener\" target=\"_blank\">L\u00e9a Afonso<\/a><br \/>\n        <\/strong><\/p>\n<p>        Publi\u00e9 le<\/p>\n<p>            23 ao\u00fbt 2025 \u00e0 15h27        <\/p>\n<p>Des modifications d\u2019itin\u00e9raires \u00e0 prendre en compte. Ce dimanche 24\u00a0ao\u00fbt 2025, une <strong>manifestation<\/strong> dans le centre-ville de <a href=\"https:\/\/actu.fr\/toulouse\/\" rel=\"nofollow noopener\" target=\"_blank\">Toulouse<\/a> est annonc\u00e9e, entra\u00eenant la<strong> d\u00e9viation des transports en commun<\/strong>. Voici lesquels sont concern\u00e9s.<\/p>\n<p>10 lignes de bus d\u00e9vi\u00e9es<\/p>\n<p class=\" wall-content\">Pas moins de 10 lignes de bus vont \u00eatre d\u00e9vi\u00e9es en cette fin de semaine, <strong>d\u00e8s 14\u2009h\u200930<\/strong>, indique Tiss\u00e9o\u2009: la <strong>Navette A\u00e9roport<\/strong>, les lignes <strong>L1, L8, L9, L14, 23,29, 39, 45 et 70<\/strong> sont concern\u00e9es. Le tout, majoritairement sur les arr\u00eats en centre-ville.<\/p>\n<p>Voici les arr\u00eats non desservis<\/p>\n<p class=\" wall-content\"><strong>L1\u2009:<\/strong> Ponts Jumeaux<br \/>Canal de Brienne<br \/>Barcelone Leclerc<br \/>Leclerc<br \/>Compans-Caffarelli<br \/>A. Bernard<br \/>Concorde<br \/>Jeanne d\u2019Arc<br \/>Jean Jaur\u00e8s<br \/>St-Georges<br \/>Fran\u00e7ois Verdier<br \/>Place Dupuy<br \/>Port St-Etienne<\/p>\n<p class=\" wall-content\"><strong>L8\u2009: Direction Gonin\u2009:<\/strong> Riquet<br \/>Bachelier<br \/>Jean Jaur\u00e8s<br \/>St-Georges<br \/>Fran\u00e7ois Verdier<br \/><strong>Direction Marengo-SNCF\u2009:<\/strong> Place Dupuy<br \/>Fran\u00e7ois Verdier<br \/>St-Georges<br \/>Jean Jaur\u00e8s<br \/>Bachelier<br \/>Riquet<\/p>\n<p class=\" wall-content\"><strong>L9\u2009: Direction L\u2019Union Grande Halle\u2009: <\/strong>Fran\u00e7ois Verdier<strong><br \/><\/strong>St-Georges<br \/>Jean Jaur\u00e8s<br \/>Bachelier<br \/>Riquet<br \/><strong>Direction Saint-Orens Centre Commercial\u2009: <\/strong>Riquet<br \/>Bachelier<br \/>Jean Jaur\u00e8s<br \/>St-Georges<\/p>\n<p>Vid\u00e9os : en ce moment sur Actu<\/p>\n<p class=\" wall-content\"><strong>L14\u2009: Direction Marengo-SNCF\u2009:<\/strong> H\u00e9racl\u00e8s<br \/>Leclerc<br \/>Compans-Caffarelli<br \/>A. Bernard<br \/>Concorde<br \/>Jeanne d\u2019Arc<br \/>Jean Jaur\u00e8s<br \/>Bachelier<br \/>Riquet<br \/><strong>Direction Basso Cambo\u2009:<\/strong> Riquet<br \/>Bachelier<br \/>Jean Jaur\u00e8s<br \/>Jeanne d\u2019Arc<br \/>Concorde<br \/>A. Bernard<br \/>Compans-Caffarelli<br \/>Leclerc<\/p>\n<p class=\" wall-content\"><strong>23\u2009:<\/strong> Riquet<br \/>Bachelier<br \/>Jean Jaur\u00e8s<br \/>Jeanne d\u2019Arc<\/p>\n<p>Votre r\u00e9gion, votre actu !<\/p>\n<p>Recevez chaque jour les infos qui comptent pour vous.<\/p>\n<p>\t<a href=\"https:\/\/actu.fr\/newsletter\" class=\"ac-btn ac-btn--corner ac-btn--medium ac-btn--blue800\" rel=\"nofollow noopener\" target=\"_blank\">S&rsquo;incrire<\/a><\/p>\n<p class=\" wall-content\"><strong>29\u2009:<\/strong> Pont des Minimes<br \/>A. Bernard<br \/>Concorde<br \/>Jeanne d\u2019Arc<\/p>\n<p class=\" wall-content\"><strong>39\u2009:<\/strong> Pont Matabiau<br \/>Place Roquelaine<br \/>Jeanne d\u2019Arc<\/p>\n<p class=\" wall-content\"><strong>45\u2009:<\/strong> Jeanne d\u2019Arc<br \/>Concorde<br \/>A. Bernard<br \/>Compans-Caffarelli<br \/>Leclerc<br \/>H\u00e9racl\u00e8s<br \/>Amidonniers<br \/>Les Abattoirs<\/p>\n<p class=\" wall-content\"><strong>70\u2009:<\/strong> Cigognes<br \/>Cam\u00e9lias<br \/>Mairie Beauzelle<br \/>Erables (uniquement direction A\u00e9roconstellation)<\/p>\n<p class=\" wall-content\"><strong>Navette a\u00e9roport\u2009: Direction A\u00e9roport\u2009:<\/strong> Jean Jaur\u00e8s<br \/>Jeanne d\u2019Arc<br \/>Compans-Caffarelli<br \/><strong>Direction Gare routi\u00e8re\u2009:<\/strong> Pont du B\u00e9arnais<br \/>Compans-Caffarelli<br \/>Jeanne d\u2019Arc<br \/>Jean Jaur\u00e8s<br \/>Matabiau Gare SNCF<\/p>\n<p>Quelles solutions\u2009?<\/p>\n<p class=\" wall-content\">Tiss\u00e9o invite ses voyageurs \u00e0<strong> rejoindre les arr\u00eats de m\u00e9tro<\/strong> les plus proches.<\/p>\n<p class=\" wall-content\"><strong>R\u00e9tablissement<\/strong> des lignes pr\u00e9vu en <strong>fin de journ\u00e9e<\/strong> selon Tiss\u00e9o. Aucune heure n\u2019est communiqu\u00e9e pour l\u2019heure, ce sera \u00ab\u2009en fonction de l\u2019avanc\u00e9e du cort\u00e8ge\u2009\u00bb.<\/p>\n<p class=\" wall-content\">Personnalisez votre actualit\u00e9 en ajoutant vos villes et m\u00e9dias en favori avec <a href=\"https:\/\/moncompte.actu.fr\" title=\"D\u00e9couvez Mon Actu\" rel=\"nofollow noopener\" data-trk=\"{&quot;cta&quot;:{&quot;action&quot;:&quot;https:\\\/\\\/moncompte.actu.fr&quot;,&quot;category&quot;:&quot;mon compte&quot;,&quot;from&quot;:&quot;article footer&quot;,&quot;name&quot;:&quot;Mon actu&quot;,&quot;type&quot;:&quot;cta&quot;}}\" target=\"_blank\">Mon Actu<\/a>.<\/p>\n","protected":false},"excerpt":{"rendered":"Par L\u00e9a Afonso Publi\u00e9 le 23 ao\u00fbt 2025 \u00e0 15h27 Des modifications d\u2019itin\u00e9raires \u00e0 prendre en compte. Ce&hellip;\n","protected":false},"author":2,"featured_media":338883,"comment_status":"","ping_status":"","sticky":false,"template":"","format":"standard","meta":{"footnotes":""},"categories":[2816],"tags":[1111,11,1777,674,1011,27,12,2680,25,104,5400,2312],"class_list":{"0":"post-338882","1":"post","2":"type-post","3":"status-publish","4":"format-standard","5":"has-post-thumbnail","7":"category-toulouse","8":"tag-actu","9":"tag-actualites","10":"tag-eu","11":"tag-europe","12":"tag-fr","13":"tag-france","14":"tag-news","15":"tag-occitanie","16":"tag-republique-francaise","17":"tag-societe","18":"tag-tisseo","19":"tag-toulouse"},"share_on_mastodon":{"url":"https:\/\/pubeurope.com\/@fr\/115079058823000109","error":""},"_links":{"self":[{"href":"https:\/\/www.europesays.com\/fr\/wp-json\/wp\/v2\/posts\/338882","targetHints":{"allow":["GET"]}}],"collection":[{"href":"https:\/\/www.europesays.com\/fr\/wp-json\/wp\/v2\/posts"}],"about":[{"href":"https:\/\/www.europesays.com\/fr\/wp-json\/wp\/v2\/types\/post"}],"author":[{"embeddable":true,"href":"https:\/\/www.europesays.com\/fr\/wp-json\/wp\/v2\/users\/2"}],"replies":[{"embeddable":true,"href":"https:\/\/www.europesays.com\/fr\/wp-json\/wp\/v2\/comments?post=338882"}],"version-history":[{"count":0,"href":"https:\/\/www.europesays.com\/fr\/wp-json\/wp\/v2\/posts\/338882\/revisions"}],"wp:featuredmedia":[{"embeddable":true,"href":"https:\/\/www.europesays.com\/fr\/wp-json\/wp\/v2\/media\/338883"}],"wp:attachment":[{"href":"https:\/\/www.europesays.com\/fr\/wp-json\/wp\/v2\/media?parent=338882"}],"wp:term":[{"taxonomy":"category","embeddable":true,"href":"https:\/\/www.europesays.com\/fr\/wp-json\/wp\/v2\/categories?post=338882"},{"taxonomy":"post_tag","embeddable":true,"href":"https:\/\/www.europesays.com\/fr\/wp-json\/wp\/v2\/tags?post=338882"}],"curies":[{"name":"wp","href":"https:\/\/api.w.org\/{rel}","templated":true}]}}