{"id":338885,"date":"2025-08-23T16:38:12","date_gmt":"2025-08-23T16:38:12","guid":{"rendered":"https:\/\/www.europesays.com\/fr\/338885\/"},"modified":"2025-08-23T16:38:12","modified_gmt":"2025-08-23T16:38:12","slug":"le-plus-grand-rassemblement-de-vehicules-militaires-historiques-deurope-a-moins-dune-heure-de-lille","status":"publish","type":"post","link":"https:\/\/www.europesays.com\/fr\/338885\/","title":{"rendered":"Le plus grand rassemblement de v\u00e9hicules militaires historiques d&rsquo;Europe \u00e0 moins d&rsquo;une heure de Lille"},"content":{"rendered":"<p>            Par<br \/>\n        <strong><br \/>\n            <a href=\"https:\/\/actu.fr\/auteur\/nicolas-demollien\" title=\"Consulter tous les articles de Nicolas Demollien\" target=\"_blank\" rel=\"noopener\">Nicolas Demollien<\/a><br \/>\n        <\/strong><\/p>\n<p>        Publi\u00e9 le<\/p>\n<p>            23 ao\u00fbt 2025 \u00e0 17h34        <\/p>\n<p><b>\u00ab\u00a0Tanks in Town\u00a0\u00bb<\/b>. Voil\u00e0 le nom du <b>plus grand rassemblement de v\u00e9hicules militaires historiques d\u2019Europe<\/b> qui est organis\u00e9 du vendredi 29 au dimanche 31 ao\u00fbt 2025. Bonne nouvelle, cela se passera en <a href=\"https:\/\/actu.fr\/tag\/belgique\" target=\"_blank\" rel=\"noopener\">Belgique<\/a>, pr\u00e8s de la fronti\u00e8re avec le <a href=\"https:\/\/actu.fr\/hauts-de-france\/nord_59\" target=\"_blank\" rel=\"noopener\">Nord<\/a>, \u00e0 moins d\u2019une heure de <a href=\"https:\/\/actu.fr\/hauts-de-france\/lille_59350\" target=\"_blank\" rel=\"noopener\">Lille<\/a>.\u00a0<\/p>\n<p>Un \u00e9norme rassemblement de v\u00e9hicules historiques \u00e0 une heure de Lille<\/p>\n<p class=\" wall-content\">C\u2019est en effet la ville de <b>Mons<\/b> qui accueille ce \u00e9v\u00e9nement exceptionnel. Ce sont en effet <b>trois<\/b><b> jours d\u2019immersion historique <\/b>qui vous attendent sur place avec marche comm\u00e9morative, expositions, d\u00e9monstrations et bapt\u00eames en v\u00e9hicules d\u2019\u00e9poque.<\/p>\n<p class=\" wall-content\">Difficile d\u2019\u00eatre exhaustif tant l\u2019\u00e9v\u00e9nement s\u2019annonce riche. Parmi les grands moments, on notera la <b>parade<\/b> \u00e0 travers Mons du dimanche, qui se terminera du c\u00f4t\u00e9 de la Grand\u2019Place de Mons. <b>C\u00e9r\u00e9monies, bourses militaria<\/b> et autres <b>animations musicales<\/b> ponctueront \u00e9galement la manifestation. On notera aussi l\u2019ouverture de mus\u00e9es historiques.<\/p>\n<p class=\" wall-content\">\u00ab\u00a0Reconstituteurs, collectionneurs, passionn\u00e9s d\u2019Histoire, familles\u2026 Tanks in town est bien plus qu\u2019un \u00e9v\u00e9nement : c\u2019est <b>un devoir de m\u00e9moire vivant<\/b>, o\u00f9 le pass\u00e9 devient un lien entre les g\u00e9n\u00e9rations\u00a0\u00bb, commente-t-on du c\u00f4t\u00e9 de l\u2019office de tourisme de Mons.<\/p>\n<p class=\" wall-content\">Vous l\u2019aurez compris, une occasion unique de r<b>evivre l\u2019Histoire<\/b>\u00a0\u00e0 bord de blind\u00e9s l\u00e9gendaires et partager des moments charg\u00e9s d\u2019\u00e9motion, de patrimoine et de m\u00e9moire.<\/p>\n<p data-end=\"4284\" class=\" wall-content\">Plus d\u2019infos sur le site <a href=\"https:\/\/www.visitmons.be\/fr\/agenda\/tanks-in-town-951862?fbclid=IwY2xjawMWVbxleHRuA2FlbQIxMABicmlkETFId2NpaEdDdHdqSWhzMnBUAR5de3D1eU_PsVzpSdT2PEpcAUf7pJORs8u5iqLCbVw2CzJV17Z_ctqUC0iGLA_aem_FvSvspWNxwKIHASPg-wE6Q\" target=\"_blank\" rel=\"noopener\">visitmons.be<\/a><\/p>\n<p class=\" wall-content\">Personnalisez votre actualit\u00e9 en ajoutant vos villes et m\u00e9dias en favori avec <a href=\"https:\/\/moncompte.actu.fr\" title=\"D\u00e9couvez Mon Actu\" rel=\"nofollow noopener\" data-trk=\"{&quot;cta&quot;:{&quot;action&quot;:&quot;https:\\\/\\\/moncompte.actu.fr&quot;,&quot;category&quot;:&quot;mon compte&quot;,&quot;from&quot;:&quot;article footer&quot;,&quot;name&quot;:&quot;Mon actu&quot;,&quot;type&quot;:&quot;cta&quot;}}\" target=\"_blank\">Mon Actu<\/a>.<\/p>\n","protected":false},"excerpt":{"rendered":"Par Nicolas Demollien Publi\u00e9 le 23 ao\u00fbt 2025 \u00e0 17h34 \u00ab\u00a0Tanks in Town\u00a0\u00bb. Voil\u00e0 le nom du plus&hellip;\n","protected":false},"author":2,"featured_media":338886,"comment_status":"","ping_status":"","sticky":false,"template":"","format":"standard","meta":{"footnotes":""},"categories":[2815],"tags":[1111,11,13207,1777,674,1011,27,811,1307,1652,12,25],"class_list":{"0":"post-338885","1":"post","2":"type-post","3":"status-publish","4":"format-standard","5":"has-post-thumbnail","7":"category-lille","8":"tag-actu","9":"tag-actualites","10":"tag-collections","11":"tag-eu","12":"tag-europe","13":"tag-fr","14":"tag-france","15":"tag-hauts-de-france","16":"tag-lille","17":"tag-loisirs-culture","18":"tag-news","19":"tag-republique-francaise"},"share_on_mastodon":{"url":"https:\/\/pubeurope.com\/@fr\/115079066931492523","error":""},"_links":{"self":[{"href":"https:\/\/www.europesays.com\/fr\/wp-json\/wp\/v2\/posts\/338885","targetHints":{"allow":["GET"]}}],"collection":[{"href":"https:\/\/www.europesays.com\/fr\/wp-json\/wp\/v2\/posts"}],"about":[{"href":"https:\/\/www.europesays.com\/fr\/wp-json\/wp\/v2\/types\/post"}],"author":[{"embeddable":true,"href":"https:\/\/www.europesays.com\/fr\/wp-json\/wp\/v2\/users\/2"}],"replies":[{"embeddable":true,"href":"https:\/\/www.europesays.com\/fr\/wp-json\/wp\/v2\/comments?post=338885"}],"version-history":[{"count":0,"href":"https:\/\/www.europesays.com\/fr\/wp-json\/wp\/v2\/posts\/338885\/revisions"}],"wp:featuredmedia":[{"embeddable":true,"href":"https:\/\/www.europesays.com\/fr\/wp-json\/wp\/v2\/media\/338886"}],"wp:attachment":[{"href":"https:\/\/www.europesays.com\/fr\/wp-json\/wp\/v2\/media?parent=338885"}],"wp:term":[{"taxonomy":"category","embeddable":true,"href":"https:\/\/www.europesays.com\/fr\/wp-json\/wp\/v2\/categories?post=338885"},{"taxonomy":"post_tag","embeddable":true,"href":"https:\/\/www.europesays.com\/fr\/wp-json\/wp\/v2\/tags?post=338885"}],"curies":[{"name":"wp","href":"https:\/\/api.w.org\/{rel}","templated":true}]}}