{"id":338887,"date":"2025-08-23T16:39:09","date_gmt":"2025-08-23T16:39:09","guid":{"rendered":"https:\/\/www.europesays.com\/fr\/338887\/"},"modified":"2025-08-23T16:39:09","modified_gmt":"2025-08-23T16:39:09","slug":"deux-nouveaux-animaux-imposants-ont-fait-leur-arrivee-au-zoo-de-lille","status":"publish","type":"post","link":"https:\/\/www.europesays.com\/fr\/338887\/","title":{"rendered":"Deux nouveaux animaux imposants ont fait leur arriv\u00e9e au zoo de Lille"},"content":{"rendered":"<p>            Par<br \/>\n        <strong><br \/>\n            <a href=\"https:\/\/actu.fr\/auteur\/nicolas-demollien\" title=\"Consulter tous les articles de Nicolas Demollien\" target=\"_blank\" rel=\"noopener\">Nicolas Demollien<\/a><br \/>\n        <\/strong><\/p>\n<p>        Publi\u00e9 le<\/p>\n<p>            23 ao\u00fbt 2025 \u00e0 18h36        <\/p>\n<p>Charlie est ravi ! Ce <a href=\"https:\/\/actu.fr\/hauts-de-france\/lille_59350\/un-nouvel-animal-est-arrive-au-zoo-de-lille-dautres-vont-suivre_61575930.html\" target=\"_blank\" rel=\"noopener\">phacoch\u00e8re arriv\u00e9 il y a un peu moins d\u2019un an<\/a> a d\u00e9sormais <b>deux nouvelles compagnes <\/b>dans son enclos du <b>zoo<\/b> de <a href=\"https:\/\/actu.fr\/hauts-de-france\/lille_59350\" target=\"_blank\" rel=\"noopener\">Lille<\/a> (Nord). Deux <b>femelles ont en effet fait leur arriv\u00e9e<\/b>, pour le plus grand bonheur des visiteurs mais aussi de tout le personnel du parc.<\/p>\n<p>Deux compagnes pour le m\u00e2le Charlie sont arriv\u00e9es au zoo de Lille<\/p>\n<p class=\" wall-content\">Ces deux <a href=\"https:\/\/actu.fr\/tag\/animaux\" target=\"_blank\" rel=\"noopener\">animaux<\/a> se pr\u00e9nomment Kimia et Mabaku et sont n\u00e9es au Bioparc Valencia (en Espagne). \u00ab\u00a0Elles ont d\u00e9couvert leur nouvel espace apr\u00e8s avoir \u00e9t\u00e9 <b>mises en contact avec le m\u00e2le<\/b> Charlie dans leur pr\u00e9-parc durant plusieurs jours. Le<b> groupe s\u2019entend \u00e0 merveille<\/b>\u00ab\u00a0, annonce l\u2019\u00e9tablissement sur les r\u00e9seaux sociaux.<\/p>\n<p>    <a href=\"https:\/\/www.facebook.com\/plugins\/post.php?href=https%3A%2F%2Fwww.facebook.com%2Fzoolille%2Fposts%2Fpfbid02hr4JScDcfqG447cSNNRgWKXg9QA5QWL2F3ABisoFSkBGBHhL2Sf1qW48ki54D8NPl&amp;show_text=true&amp;width=350\" title=\"Ouvrie le lien\" target=\"_blank\" rel=\"noopener\">Cliquez ici pour visualiser le contenu<\/a><\/p>\n<p class=\" wall-content\">De quoi laisser esp\u00e9rer un accouplement et l\u2019arriv\u00e9e de petits. Dans la nature, la <b>population du phacoch\u00e8re est en baisse constante<\/b> en raison de la chasse et du recul de ses habitats.<\/p>\n<p class=\" wall-content\">Cette esp\u00e8ce est herbivore \u00e0 tendance omnivore, se nourrissant \u00e9galement de racines, bulbes et autres tubercules. Cet animal appartient \u00e0 la <b>m\u00eame famille que les cochons<\/b>. Il a \u00e9t\u00e9 rendu populaire par le c\u00e9l\u00e8bre personnage de Disney Pumba, dans <a href=\"https:\/\/actu.fr\/occitanie\/toulouse_31555\/au-cinema-roi-lion-sommet-virtuosite-numerique_26177999.html\" target=\"_blank\" rel=\"noopener\">Le Roi Lion<\/a>.<\/p>\n<p class=\" wall-content\">Plus d\u2019infos sur le zoo sur le site <a href=\"https:\/\/www.lille.fr\/Zoo-de-Lille\/\" target=\"_blank\" rel=\"noopener\">lille.fr<\/a><\/p>\n<p class=\" wall-content\">Personnalisez votre actualit\u00e9 en ajoutant vos villes et m\u00e9dias en favori avec <a href=\"https:\/\/moncompte.actu.fr\" title=\"D\u00e9couvez Mon Actu\" rel=\"nofollow noopener\" data-trk=\"{&quot;cta&quot;:{&quot;action&quot;:&quot;https:\\\/\\\/moncompte.actu.fr&quot;,&quot;category&quot;:&quot;mon compte&quot;,&quot;from&quot;:&quot;article footer&quot;,&quot;name&quot;:&quot;Mon actu&quot;,&quot;type&quot;:&quot;cta&quot;}}\" target=\"_blank\">Mon Actu<\/a>.<\/p>\n","protected":false},"excerpt":{"rendered":"Par Nicolas Demollien Publi\u00e9 le 23 ao\u00fbt 2025 \u00e0 18h36 Charlie est ravi ! Ce phacoch\u00e8re arriv\u00e9 il&hellip;\n","protected":false},"author":2,"featured_media":338888,"comment_status":"","ping_status":"","sticky":false,"template":"","format":"standard","meta":{"footnotes":""},"categories":[2815],"tags":[1111,11,1867,1777,674,1011,27,811,1307,1652,12,25],"class_list":{"0":"post-338887","1":"post","2":"type-post","3":"status-publish","4":"format-standard","5":"has-post-thumbnail","7":"category-lille","8":"tag-actu","9":"tag-actualites","10":"tag-animaux","11":"tag-eu","12":"tag-europe","13":"tag-fr","14":"tag-france","15":"tag-hauts-de-france","16":"tag-lille","17":"tag-loisirs-culture","18":"tag-news","19":"tag-republique-francaise"},"share_on_mastodon":{"url":"https:\/\/pubeurope.com\/@fr\/115079070790088247","error":""},"_links":{"self":[{"href":"https:\/\/www.europesays.com\/fr\/wp-json\/wp\/v2\/posts\/338887","targetHints":{"allow":["GET"]}}],"collection":[{"href":"https:\/\/www.europesays.com\/fr\/wp-json\/wp\/v2\/posts"}],"about":[{"href":"https:\/\/www.europesays.com\/fr\/wp-json\/wp\/v2\/types\/post"}],"author":[{"embeddable":true,"href":"https:\/\/www.europesays.com\/fr\/wp-json\/wp\/v2\/users\/2"}],"replies":[{"embeddable":true,"href":"https:\/\/www.europesays.com\/fr\/wp-json\/wp\/v2\/comments?post=338887"}],"version-history":[{"count":0,"href":"https:\/\/www.europesays.com\/fr\/wp-json\/wp\/v2\/posts\/338887\/revisions"}],"wp:featuredmedia":[{"embeddable":true,"href":"https:\/\/www.europesays.com\/fr\/wp-json\/wp\/v2\/media\/338888"}],"wp:attachment":[{"href":"https:\/\/www.europesays.com\/fr\/wp-json\/wp\/v2\/media?parent=338887"}],"wp:term":[{"taxonomy":"category","embeddable":true,"href":"https:\/\/www.europesays.com\/fr\/wp-json\/wp\/v2\/categories?post=338887"},{"taxonomy":"post_tag","embeddable":true,"href":"https:\/\/www.europesays.com\/fr\/wp-json\/wp\/v2\/tags?post=338887"}],"curies":[{"name":"wp","href":"https:\/\/api.w.org\/{rel}","templated":true}]}}