{"id":338889,"date":"2025-08-23T16:40:11","date_gmt":"2025-08-23T16:40:11","guid":{"rendered":"https:\/\/www.europesays.com\/fr\/338889\/"},"modified":"2025-08-23T16:40:11","modified_gmt":"2025-08-23T16:40:11","slug":"un-homme-vole-la-valise-dune-mere-de-famille-dans-un-ter-a-marseille-pour-faire-soigner-un-douloureux-abces-dentaire","status":"publish","type":"post","link":"https:\/\/www.europesays.com\/fr\/338889\/","title":{"rendered":"Un homme vole la valise d&rsquo;une m\u00e8re de famille dans un TER \u00e0 Marseille pour faire soigner un douloureux abc\u00e8s dentaire"},"content":{"rendered":"<p>Derri\u00e8re son masque chirurgical, il grima\u00e7ait \u00e0 intervalle r\u00e9gulier. Chaker B., jug\u00e9 et condamn\u00e9 ce vendredi 22 ao\u00fbt par les juges du tribunal correctionnel de <a href=\"https:\/\/www.laprovence.com\/bouches-du-rhone\/marseille-13055\" target=\"_blank\" rel=\"noopener\">Marseille<\/a> \u00e0 une amende de 3000\u20ac avec sursis, souffrait d&rsquo;un douloureux abc\u00e8s dentaire non soign\u00e9. Une affection \u00e0 l&rsquo;origine, a expliqu\u00e9 ce Tunisien de 18 ans, de l&rsquo;infraction qui lui a valu de compara\u00eetre devant la justice : <a href=\"https:\/\/www.laprovence.com\/article\/faits-divers-justice\/35102152023335\/marseille-un-homme-interpelle-pour-32-vols-a-la-roulotte\" target=\"_blank\" rel=\"noopener\">le vol<\/a> d&rsquo;une valise rouge rang\u00e9e dans le compartiment \u00e0 bagage d&rsquo;un TER \u00e0 <a href=\"https:\/\/www.laprovence.com\/article\/faits-divers-justice\/2703202522731915\/info-la-provence-un-detrousseur-en-serie-de-la-gare-saint-charles-a-marseille-mis-hors-circuit\" target=\"_blank\" rel=\"noopener\">la gare Saint-Charles<\/a> pour essayer de trouver de quoi payer des soins.<\/p>\n<p>Le bagage, d\u00e9rob\u00e9 alors que le train se trouvait \u00e0 quai, le 19 ao\u00fbt dernier, appartenait \u00e0 une m\u00e8re de famille qui arrivait de Paris et repartait vers <a href=\"https:\/\/www.laprovence.com\/bouches-du-rhone\/la-ciotat-13028\" target=\"_blank\" rel=\"noopener\">La Ciotat<\/a>, accompagn\u00e9e de ses deux enfants. Rep\u00e9r\u00e9 montant et descendant du train avec ladite valise \u00e0 la main, Chaker B. avait \u00e9t\u00e9 interpell\u00e9 quelques instants plus tard dans la gare, une veste appartenant \u00e0 sa victime sur le dos, la brume parfum\u00e9e de cette derni\u00e8re dans la poche. Dans une rue proche, d&rsquo;autres effets personnels, notamment de la lingerie reconnue par la m\u00e8re de famille, avaient \u00e9t\u00e9 retrouv\u00e9es.\u00a0<\/p>\n<p>D\u00e9clar\u00e9 comme mineur<\/p>\n<p>\u00ab\u00a0Je reconnais et je demande pardon \u00e0 la victime. J&rsquo;ai vol\u00e9 essentiellement pour pouvoi&#8230;<\/p>\n","protected":false},"excerpt":{"rendered":"Derri\u00e8re son masque chirurgical, il grima\u00e7ait \u00e0 intervalle r\u00e9gulier. Chaker B., jug\u00e9 et condamn\u00e9 ce vendredi 22 ao\u00fbt&hellip;\n","protected":false},"author":2,"featured_media":338890,"comment_status":"","ping_status":"","sticky":false,"template":"","format":"standard","meta":{"footnotes":""},"categories":[2814],"tags":[17,1111,11,1446,4440,1777,674,274,652,1011,27,4933,884,5875,12,882,25,8085,9343],"class_list":{"0":"post-338889","1":"post","2":"type-post","3":"status-publish","4":"format-standard","5":"has-post-thumbnail","7":"category-marseille","8":"tag-17","9":"tag-actu","10":"tag-actualites","11":"tag-dans","12":"tag-dune","13":"tag-eu","14":"tag-europe","15":"tag-faits-divers-justice","16":"tag-famille","17":"tag-fr","18":"tag-france","19":"tag-homme","20":"tag-marseille","21":"tag-mere","22":"tag-news","23":"tag-provence-alpes-cote-dazur","24":"tag-republique-francaise","25":"tag-valise","26":"tag-vole"},"share_on_mastodon":{"url":"https:\/\/pubeurope.com\/@fr\/115079074574924636","error":""},"_links":{"self":[{"href":"https:\/\/www.europesays.com\/fr\/wp-json\/wp\/v2\/posts\/338889","targetHints":{"allow":["GET"]}}],"collection":[{"href":"https:\/\/www.europesays.com\/fr\/wp-json\/wp\/v2\/posts"}],"about":[{"href":"https:\/\/www.europesays.com\/fr\/wp-json\/wp\/v2\/types\/post"}],"author":[{"embeddable":true,"href":"https:\/\/www.europesays.com\/fr\/wp-json\/wp\/v2\/users\/2"}],"replies":[{"embeddable":true,"href":"https:\/\/www.europesays.com\/fr\/wp-json\/wp\/v2\/comments?post=338889"}],"version-history":[{"count":0,"href":"https:\/\/www.europesays.com\/fr\/wp-json\/wp\/v2\/posts\/338889\/revisions"}],"wp:featuredmedia":[{"embeddable":true,"href":"https:\/\/www.europesays.com\/fr\/wp-json\/wp\/v2\/media\/338890"}],"wp:attachment":[{"href":"https:\/\/www.europesays.com\/fr\/wp-json\/wp\/v2\/media?parent=338889"}],"wp:term":[{"taxonomy":"category","embeddable":true,"href":"https:\/\/www.europesays.com\/fr\/wp-json\/wp\/v2\/categories?post=338889"},{"taxonomy":"post_tag","embeddable":true,"href":"https:\/\/www.europesays.com\/fr\/wp-json\/wp\/v2\/tags?post=338889"}],"curies":[{"name":"wp","href":"https:\/\/api.w.org\/{rel}","templated":true}]}}