{"id":338893,"date":"2025-08-23T16:42:14","date_gmt":"2025-08-23T16:42:14","guid":{"rendered":"https:\/\/www.europesays.com\/fr\/338893\/"},"modified":"2025-08-23T16:42:14","modified_gmt":"2025-08-23T16:42:14","slug":"lyon-le-musee-des-confluences-annonce-une-grande-nouveaute-qui-va-plaire-aux-familles","status":"publish","type":"post","link":"https:\/\/www.europesays.com\/fr\/338893\/","title":{"rendered":"Lyon. Le mus\u00e9e des Confluences annonce une grande nouveaut\u00e9 qui va plaire aux familles"},"content":{"rendered":"<p>            Par<br \/>\n        <strong><br \/>\n            <a href=\"https:\/\/actu.fr\/auteur\/emma-ressegaire\" title=\"Consulter tous les articles de Emma Ressegaire\" target=\"_blank\" rel=\"noopener\">Emma Ressegaire<\/a><br \/>\n        <\/strong><\/p>\n<p>        Publi\u00e9 le<\/p>\n<p>            23 ao\u00fbt 2025 \u00e0 6h26        <\/p>\n<p>Comme quoi, il n\u2019y a pas d\u2019\u00e2ge pour aller au mus\u00e9e.<\/p>\n<p class=\" wall-content\">Cette semaine, le <a href=\"https:\/\/actu.fr\/auvergne-rhone-alpes\/lyon_69123\/lyon-voici-toutes-les-expositions-inedites-a-voir-en-2025-au-musee-des-confluences_62047991.html\" target=\"_blank\" rel=\"noopener\">mus\u00e9e des Confluences<\/a>, situ\u00e9 dans le 2e arrondissement de <a href=\"https:\/\/actu.fr\/lyon\/\" target=\"_blank\" rel=\"noopener\">Lyon<\/a>, a annonc\u00e9 l\u2019<strong>ouverture d\u2019un parcours pour les 0-36 mois<\/strong>. Deux ateliers seront mis en place.<\/p>\n<p>Montrer le monde marin aux nouveaux n\u00e9s<\/p>\n<p class=\" wall-content\">Le premier sera \u00e0 destination des moins de 18 mois. Baptis\u00e9 \u00ab\u00a0Sous l\u2019oc\u00e9an\u00a0\u00bb, il montrera le <strong>monde marin aux nouveaux n\u00e9s<\/strong>.<\/p>\n<p class=\" wall-content\">\u00ab\u00a0Les \u00e9quipes du mus\u00e9e invitent les plus petits \u00e0 plonger au c\u0153ur des profondeurs marines gr\u00e2ce \u00e0 une exploration sensorielle\u00a0\u00bb, explique la m\u00e9tropole de Lyon. Les tout-petits, confortablement <strong>install\u00e9s sur un tapis<\/strong>, suivront des yeux une projection au plafond qui les guidera \u00e0 la d\u00e9couverte des richesses de l\u2019oc\u00e9an.<\/p>\n<p class=\" wall-content\">\u00ab\u00a0Des comptines mim\u00e9es en langage des signes b\u00e9b\u00e9, un ha\u00efku illustr\u00e9 et un imagier compl\u00e8tent l\u2019installation pour se laisser flotter\u00a0\u00bb, d\u00e9taille la collectivit\u00e9.<\/p>\n<p>\u00ab\u00a0Des chants, du r\u00e9cit et des percussions\u00a0\u00bb<\/p>\n<p class=\" wall-content\">Le deuxi\u00e8me atelier concerne les 18-36 mois. Baptis\u00e9 \u00ab\u00a0Petite plume\u00a0\u00bb, est un <strong>conte en mouvements<\/strong> qui illustre le voyage de Petite plume qui s\u2019interroge sur ses origines. \u00ab\u00a0Des chants, du r\u00e9cit et des percussions pour cet atelier destin\u00e9 au moins de trois ans\u00a0\u00bb, poursuit la m\u00e9tropole de Lyon.<\/p>\n<p class=\" wall-content\">La dur\u00e9e de cet atelier est de 30 minutes.<\/p>\n<p>Votre r\u00e9gion, votre actu !<\/p>\n<p>Recevez chaque jour les infos qui comptent pour vous.<\/p>\n<p>\t<a href=\"https:\/\/actu.fr\/newsletter\" class=\"ac-btn ac-btn--corner ac-btn--medium ac-btn--blue800\" target=\"_blank\" rel=\"noopener\">S&rsquo;incrire<\/a><\/p>\n<p class=\" wall-content\">Pour rappel, en juin dernier, le c\u00e9l\u00e8bre mus\u00e9e lyonnais avait d\u00e9j\u00e0 ouvert un espace, baptis\u00e9 \u00ab\u00a0Nuage des petits\u00a0\u00bb, \u00e0 destination des 2-6 ans. Celui-ci a pour th\u00e8me <strong>la fragilit\u00e9 physique et \u00e9motionnelle. <\/strong>Les jeunes enfants peuvent profiter d\u2019un espace permanent d\u2019exploration destin\u00e9 \u00e0 \u00e9veiller leur curiosit\u00e9 et \u00e0 stimuler leur imaginaire.<\/p>\n<p class=\" wall-content\">Personnalisez votre actualit\u00e9 en ajoutant vos villes et m\u00e9dias en favori avec <a href=\"https:\/\/moncompte.actu.fr\" title=\"D\u00e9couvez Mon Actu\" rel=\"nofollow noopener\" data-trk=\"{&quot;cta&quot;:{&quot;action&quot;:&quot;https:\\\/\\\/moncompte.actu.fr&quot;,&quot;category&quot;:&quot;mon compte&quot;,&quot;from&quot;:&quot;article footer&quot;,&quot;name&quot;:&quot;Mon actu&quot;,&quot;type&quot;:&quot;cta&quot;}}\" target=\"_blank\">Mon Actu<\/a>.<\/p>\n","protected":false},"excerpt":{"rendered":"Par Emma Ressegaire Publi\u00e9 le 23 ao\u00fbt 2025 \u00e0 6h26 Comme quoi, il n\u2019y a pas d\u2019\u00e2ge pour&hellip;\n","protected":false},"author":2,"featured_media":338894,"comment_status":"","ping_status":"","sticky":false,"template":"","format":"standard","meta":{"footnotes":""},"categories":[1889],"tags":[1111,11,2430,1719,1777,674,1011,27,1652,2428,9708,12,25],"class_list":{"0":"post-338893","1":"post","2":"type-post","3":"status-publish","4":"format-standard","5":"has-post-thumbnail","7":"category-lyon","8":"tag-actu","9":"tag-actualites","10":"tag-auvergne-rhone-alpes","11":"tag-enfants","12":"tag-eu","13":"tag-europe","14":"tag-fr","15":"tag-france","16":"tag-loisirs-culture","17":"tag-lyon","18":"tag-musee-des-confluences","19":"tag-news","20":"tag-republique-francaise"},"share_on_mastodon":{"url":"https:\/\/pubeurope.com\/@fr\/115079082407737120","error":""},"_links":{"self":[{"href":"https:\/\/www.europesays.com\/fr\/wp-json\/wp\/v2\/posts\/338893","targetHints":{"allow":["GET"]}}],"collection":[{"href":"https:\/\/www.europesays.com\/fr\/wp-json\/wp\/v2\/posts"}],"about":[{"href":"https:\/\/www.europesays.com\/fr\/wp-json\/wp\/v2\/types\/post"}],"author":[{"embeddable":true,"href":"https:\/\/www.europesays.com\/fr\/wp-json\/wp\/v2\/users\/2"}],"replies":[{"embeddable":true,"href":"https:\/\/www.europesays.com\/fr\/wp-json\/wp\/v2\/comments?post=338893"}],"version-history":[{"count":0,"href":"https:\/\/www.europesays.com\/fr\/wp-json\/wp\/v2\/posts\/338893\/revisions"}],"wp:featuredmedia":[{"embeddable":true,"href":"https:\/\/www.europesays.com\/fr\/wp-json\/wp\/v2\/media\/338894"}],"wp:attachment":[{"href":"https:\/\/www.europesays.com\/fr\/wp-json\/wp\/v2\/media?parent=338893"}],"wp:term":[{"taxonomy":"category","embeddable":true,"href":"https:\/\/www.europesays.com\/fr\/wp-json\/wp\/v2\/categories?post=338893"},{"taxonomy":"post_tag","embeddable":true,"href":"https:\/\/www.europesays.com\/fr\/wp-json\/wp\/v2\/tags?post=338893"}],"curies":[{"name":"wp","href":"https:\/\/api.w.org\/{rel}","templated":true}]}}