{"id":338895,"date":"2025-08-23T16:43:14","date_gmt":"2025-08-23T16:43:14","guid":{"rendered":"https:\/\/www.europesays.com\/fr\/338895\/"},"modified":"2025-08-23T16:43:14","modified_gmt":"2025-08-23T16:43:14","slug":"lyon-un-homme-realise-un-saut-depuis-une-passerelle-de-38-metres-de-haut-la-prefete-du-rhone-reagit-actualites","status":"publish","type":"post","link":"https:\/\/www.europesays.com\/fr\/338895\/","title":{"rendered":"Lyon : un homme r\u00e9alise un saut depuis une passerelle de 38 m\u00e8tres de haut, la pr\u00e9f\u00e8te du Rh\u00f4ne r\u00e9agit : Actualit\u00e9s"},"content":{"rendered":"<p class=\"lead \"><strong>Ce saut extr\u00eame depuis le sommet de la passerelle du Palais de Justice, \u00e0 Lyon, a \u00e9t\u00e9 r\u00e9alis\u00e9 par un homme samedi 23 ao\u00fbt au matin. Accompagn\u00e9 d&rsquo;un petit groupe, ils ont pris la fuite avant l\u2019arriv\u00e9e de la police. La pr\u00e9fecture r\u00e9agit fermement.<\/strong><\/p>\n<p class=\"lead \">L&rsquo;image est impressionnante, bien que les faits soient dangereux. Samedi 23 ao\u00fbt, aux alentours de 8 h 30, un homme a \u00e9t\u00e9 film\u00e9 en train de r\u00e9aliser un salto arri\u00e8re depuis le sommet de la passerelle du Palais de Justice \u2014 d\u00e9sormais baptis\u00e9e passerelle Pierre-Truche \u2014 dans le 5\u1d49 arrondissement de Lyon (Rh\u00f4ne). Les images ont \u00e9t\u00e9 captur\u00e9es par son accompagnateur depuis la rambarde de cette derni\u00e8re. Deux drones ont \u00e9galement immortalis\u00e9 la sc\u00e8ne. Les images du saut sont d\u2019autant plus spectaculaires que la structure culmine \u00e0 38 m\u00e8tres de hauteur.<\/p>\n<p>                                                                                                \u00ab\u00a0Un plongeur professionnel\u00a0\u00bb<\/p>\n<p class=\"lead \">L\u2019homme, dont l\u2019identit\u00e9 n\u2019est pas connue, \u00e9tait attendu dans la Sa\u00f4ne par trois autres individus, rapporte <a href=\"https:\/\/www.lyoncapitale.fr\/actualite\/en-images-il-s-offre-un-plongeon-depuis-le-sommet-de-la-passerelle-du-palais-de-justice-de-lyon\" target=\"_blank\" rel=\"nofollow noopener\">Lyon Capitale<\/a>. Guillaume Lamy, r\u00e9dacteur en chef du m\u00e9dia et \u00e0 l\u2019origine de la publication de la vid\u00e9o sur le r\u00e9seau social X, pr\u00e9cise que \u00ab\u00a0le plongeur \u00e9tait un professionnel\u00a0\u00bb. Toujours selon Lyon Capitale, le petit groupe a r\u00e9ussi \u00e0 s\u2019\u00e9clipser avant l\u2019arriv\u00e9e de la police. L\u2019auteur de ce saut, lui, n&rsquo;a toujours pas \u00e9t\u00e9 identifi\u00e9 et retrouv\u00e9. Toutefois, <a href=\"https:\/\/actu.fr\/auvergne-rhone-alpes\/lyon_69123\/video-lyon-un-homme-fait-un-saut-ultra-dangereux-dans-le-rhone-la-prefete-voit-rouge_63070512.html\" target=\"_blank\" rel=\"nofollow noopener\">actu Lyon<\/a>, pr\u00e9cise qu&rsquo;il pourrait s\u2019agir d\u2019un membre du \u00ab\u00a0Wizzy Gang\u00a0\u00bb, un collectif d\u00e9j\u00e0 m\u00e9diatis\u00e9 pour les exploits de ses plongeurs, sp\u00e9cialistes du salto et de vid\u00e9os extr\u00eames.<\/p>\n<p class=\"lead \">La pr\u00e9fecture rappelle que \u00ab\u00a0chaque ann\u00e9e, de nombreuses personnes sont victimes de noyades ou de blessures graves apr\u00e8s avoir saut\u00e9 depuis un pont\u00a0\u00bb. Et d\u2019ajouter : \u00ab\u00a0Ces gestes sont souvent motiv\u00e9s par l\u2019effet de groupe, l\u2019envie de se filmer ou de relever un \u00ab\u00a0d\u00e9fi\u00a0\u00bb. Ce qui semble anodin peut avoir des cons\u00e9quences dramatiques.\u00a0\u00bb Parmi les risques \u00e9voqu\u00e9s : objets immerg\u00e9s invisibles, courants forts, fond trop proche, choc \u00e0 l\u2019arriv\u00e9e dans l\u2019eau, traumatismes graves ou noyade.<\/p>\n<p class=\"small font-weight-bold text-gray3 \"> publi\u00e9 le 23 ao\u00fbt \u00e0 17h44, Charlotte Lesprit, 6Medias<\/p>\n<p>                             Partager<\/p>\n","protected":false},"excerpt":{"rendered":"Ce saut extr\u00eame depuis le sommet de la passerelle du Palais de Justice, \u00e0 Lyon, a \u00e9t\u00e9 r\u00e9alis\u00e9&hellip;\n","protected":false},"author":2,"featured_media":338896,"comment_status":"","ping_status":"","sticky":false,"template":"","format":"standard","meta":{"footnotes":""},"categories":[1889],"tags":[1111,11,2430,1777,674,1011,27,2428,12,25],"class_list":{"0":"post-338895","1":"post","2":"type-post","3":"status-publish","4":"format-standard","5":"has-post-thumbnail","7":"category-lyon","8":"tag-actu","9":"tag-actualites","10":"tag-auvergne-rhone-alpes","11":"tag-eu","12":"tag-europe","13":"tag-fr","14":"tag-france","15":"tag-lyon","16":"tag-news","17":"tag-republique-francaise"},"share_on_mastodon":{"url":"https:\/\/pubeurope.com\/@fr\/115079086286674903","error":""},"_links":{"self":[{"href":"https:\/\/www.europesays.com\/fr\/wp-json\/wp\/v2\/posts\/338895","targetHints":{"allow":["GET"]}}],"collection":[{"href":"https:\/\/www.europesays.com\/fr\/wp-json\/wp\/v2\/posts"}],"about":[{"href":"https:\/\/www.europesays.com\/fr\/wp-json\/wp\/v2\/types\/post"}],"author":[{"embeddable":true,"href":"https:\/\/www.europesays.com\/fr\/wp-json\/wp\/v2\/users\/2"}],"replies":[{"embeddable":true,"href":"https:\/\/www.europesays.com\/fr\/wp-json\/wp\/v2\/comments?post=338895"}],"version-history":[{"count":0,"href":"https:\/\/www.europesays.com\/fr\/wp-json\/wp\/v2\/posts\/338895\/revisions"}],"wp:featuredmedia":[{"embeddable":true,"href":"https:\/\/www.europesays.com\/fr\/wp-json\/wp\/v2\/media\/338896"}],"wp:attachment":[{"href":"https:\/\/www.europesays.com\/fr\/wp-json\/wp\/v2\/media?parent=338895"}],"wp:term":[{"taxonomy":"category","embeddable":true,"href":"https:\/\/www.europesays.com\/fr\/wp-json\/wp\/v2\/categories?post=338895"},{"taxonomy":"post_tag","embeddable":true,"href":"https:\/\/www.europesays.com\/fr\/wp-json\/wp\/v2\/tags?post=338895"}],"curies":[{"name":"wp","href":"https:\/\/api.w.org\/{rel}","templated":true}]}}