{"id":338897,"date":"2025-08-23T16:46:11","date_gmt":"2025-08-23T16:46:11","guid":{"rendered":"https:\/\/www.europesays.com\/fr\/338897\/"},"modified":"2025-08-23T16:46:11","modified_gmt":"2025-08-23T16:46:11","slug":"dans-le-limousin-un-etablissement-specialise-pour-les-elephants-de-cirque-a-la-retraite","status":"publish","type":"post","link":"https:\/\/www.europesays.com\/fr\/338897\/","title":{"rendered":"dans le Limousin, un \u00e9tablissement sp\u00e9cialis\u00e9 pour les \u00e9l\u00e9phants de cirque \u00e0 la retraite"},"content":{"rendered":"\n<p class=\"c-chapo \">\n  Deux \u00e9l\u00e9phantes d&rsquo;Asie sont accueillies \u00e0 Elephant Haven, \u00e0 Bussi\u00e8re-Galant, en Haute-Vienne. Un refuge pour pachydermes \u00e0 la retraite.\n<\/p>\n<p>            lire plus tard<\/p>\n<p id=\"dialog__title\" class=\"dialog__title\">Pour sauvegarder cet article, connectez-vous ou cr\u00e9ez un compte franceinfo<\/p>\n<p class=\"dialog__description\">Sans paiement. Sans abonnement.<\/p>\n<p>        Fermer la fen\u00eatre d\u2019activation des notifications France Info<\/p>\n<p>            cr\u00e9er votre compte<\/p>\n<p>            se connecter<\/p>\n<p>        Fermer la fen\u00eatre de pr\u00e9sentation<\/p>\n<p>    <img loading=\"lazy\" decoding=\"async\" class=\"signature__image lazyload\" width=\"100\" height=\"100\" data- alt=\"\" src=\"https:\/\/www.europesays.com\/fr\/wp-content\/uploads\/2025\/05\/64a7df4c5fe71_placeholder-36b69ec8.png\"\/><\/p>\n<p>    Publi\u00e9 le 23\/08\/2025 17:12<\/p>\n<p>        Temps de lecture : 3min<\/p>\n<p>    <img decoding=\"async\"  alt=\"Delhi et Gandhi, deux \u00e9l\u00e9phantes \u00e0 la retraite accueillies dans un refuge situ\u00e9 dans le Limousin. (ELEPHANT HAVEN)\" width=\"432\" height=\"243\" src=\"https:\/\/www.europesays.com\/fr\/wp-content\/uploads\/2025\/08\/1-gandhi-et-delhi-ehees-0-68a9c7879668c035809059.jpg\" fetchpriority=\"high\"\/><\/p>\n<p>      Delhi et Gandhi, deux \u00e9l\u00e9phantes \u00e0 la retraite accueillies dans un refuge situ\u00e9 dans le Limousin. (ELEPHANT HAVEN)<\/p>\n<p>Dans moins de trois ans, les animaux sauvages devront avoir quitt\u00e9 les cirques itin\u00e9rants, <a href=\"https:\/\/www.ecologie.gouv.fr\/presse\/accompagnement-filiere-circassienne-interdiction-animaux-sauvages-cirques-2028#:~:text=En%20effet%2C%20en%20application%20de,partir%20du%201er%20d%C3%A9cembre%202028.\" target=\"_blank\" rel=\"noopener nofollow\">comme le pr\u00e9voit la loi fran\u00e7aise<\/a>. Mais pour aller o\u00f9\u00a0? Dans le Limousin, depuis quatre ans, des \u00e9l\u00e9phants qui ont fait carri\u00e8re au zoo sont accueillis dans un sanctuaire unique en Europe, consacr\u00e9 \u00e0 ces pachydermes, qui viennent y finir tranquillement leur vie. Une \u00ab\u00a0maison de retraite\u00a0\u00bb install\u00e9e en Haute-Vienne, \u00e0 Bussi\u00e8re-Galant.<\/p>\n<p>Un havre de paix et de verdure situ\u00e9 \u00e0 35 kilom\u00e8tres au sud de Limoges. Derri\u00e8re un haut portail, une \u00e9quipe de passionn\u00e9s. Sofie Goetghebeur, soigneuse flamande, est la fondatrice, avec son compagnon Tony, de <a href=\"https:\/\/www.elephanthaven.com\/fr\/home\" target=\"_blank\" rel=\"noopener nofollow\">cet Elephant Haven<\/a>, un paradis des \u00e9l\u00e9phants. Un refuge o\u00f9 vivent Delhi et Gandhi, deux \u00e9l\u00e9phantes \u00e0 la retraite.<\/p>\n<p>Les deux femelles portent toutes les deux des noms indiens, mais \u00ab\u00a0c&rsquo;est un hasard, c&rsquo;est dr\u00f4le\u00a0\u00bb s&rsquo;amuse Sofie. En effet, les deux \u00e9l\u00e9phantes d&rsquo;Asie se sont rencontr\u00e9es dans ce sanctuaire, il y a trois ans apr\u00e8s des carri\u00e8res au zoo, en Bretagne pour l&rsquo;une, en R\u00e9publique tch\u00e8que pour l&rsquo;autre.<\/p>\n<p>Delhi elle a 42 ans, Gandhi, \u00ab\u00a0elle, aura bient\u00f4t 56 ans\u00a0\u00bb poursuit la soigneuse. Ce n&rsquo;est pas tr\u00e8s vieux pour un \u00e9l\u00e9phant, \u00ab\u00a0dans la nature, nous avons des \u00e9l\u00e9phants de 60, 70, voire 80 ans, mais en captivit\u00e9, 50 ans, c&rsquo;est d\u00e9j\u00e0 vieux\u00a0\u00bb. La d\u00e9marche de Delhi est un peu raide, tandis que Gandhi souffre beaucoup.<\/p>\n<blockquote class=\"ftvi_content_quote\">\n<p class=\"ftvi_citation_quote\">\u00ab\u00a0Ce sont des \u00e9l\u00e9phants qui ont des probl\u00e8mes de sant\u00e9. De l&rsquo;arthrose, ce genre de choses. C&rsquo;est la vieillesse, comme nous. C&rsquo;est donc aussi un centre de soins\u00a0\u00bb<\/p>\n<p>Sofie Goetghebeur, soigneuse et fondatrice d&rsquo;Elephant Haven<\/p>\n<p class=\"ftvi_citation_source\">\u00e0 franceinfo<\/p>\n<\/blockquote>\n<p>Ce jour-l\u00e0, c\u2019est bain de pieds pour la plus \u00e2g\u00e9e des deux, apr\u00e8s une petite intervention. Gandhi avait \u00ab\u00a0un morceau de bois coinc\u00e9 sur l&rsquo;ongle\u00a0\u00bb. Une fois soign\u00e9, le pachyderme pose la patte dans une grande bassine tout en attrapant, de sa trompe, bananes et concombres. \u00ab\u00a0On leur fait aussi des douches. Et m\u00eame des massages. Elles aiment ces soins\u00a0\u00bb, s&rsquo;attendrit la soigneuse.<\/p>\n<p>Sofie et Tony ont travaill\u00e9 20 ans dans des parcs animaliers avant de fonder cet Ehpad pour \u00e9l\u00e9phants, parce qu&rsquo;aucune structure de ce type n&rsquo;existait en Europe. Un retour des deux pachydermes au Vietnam et en Tha\u00eflande, o\u00f9 elles sont n\u00e9es, n&rsquo;est pas r\u00e9aliste. \u00ab\u00a0Gandhi, surtout, ne survivrait pas au transport\u00a0\u00bb dit Sofie.<\/p>\n<p>Par ailleurs, elles se sont bien faites au Limousin. Il y a \u00ab\u00a0beaucoup d&rsquo;eau, c&rsquo;est tr\u00e8s important. Du foin, des arbres comestibles, aussi\u00a0\u00bb, s&rsquo;enthousiasme encore Sofie qui admet que \u00ab\u00a0c&rsquo;est toujours de la captivit\u00e9 mais\u00a0\u00bb l&rsquo;\u00e9tablissement n&rsquo;est \u00ab\u00a0pas ouvert au public\u00a0\u00bb. Cependant, les deux soigneurs essaient \u00ab\u00a0d&rsquo;organiser des portes ouvertes pour impliquer les gens\u00a0\u00bb.<\/p>\n<p>Le site fait au total 29 hectares, mais il en faudrait plus encore. D\u2019autant qu\u2019il y a eu f\u00e2cherie, r\u00e9cemment. Sofie raconte qu'\u00a0\u00bbau d\u00e9but, les deux dames \u00e9taient de bonnes amies. Et il y a quelques semaines, Gandhi a attaqu\u00e9 Dehli. Donc c&rsquo;est important d&rsquo;avoir beaucoup d&rsquo;espace pour elles\u00a0\u00bb. Les deux soigneurs sont donc \u00ab\u00a0en train d\u2019agrandir. On a eu le soutien du gouvernement mais pour l&rsquo;instant les subventions sont sur pause \u00e0 cause de la situation budg\u00e9taire de la France\u00a0\u00bb.<\/p>\n<p>Le sanctuaire des \u00e9l\u00e9phants s&rsquo;en remet donc aux dons des particuliers avec une certaine urgence. Les demandes affluent de la part de zoos et de cirques en Europe, qui voudraient bien confier \u00e0 Sofie et Tony leurs vieux \u00e9l\u00e9phants.<\/p>\n","protected":false},"excerpt":{"rendered":"Deux \u00e9l\u00e9phantes d&rsquo;Asie sont accueillies \u00e0 Elephant Haven, \u00e0 Bussi\u00e8re-Galant, en Haute-Vienne. Un refuge pour pachydermes \u00e0 la&hellip;\n","protected":false},"author":2,"featured_media":338898,"comment_status":"","ping_status":"","sticky":false,"template":"","format":"standard","meta":{"footnotes":""},"categories":[1888],"tags":[1111,1928,11,1927,1777,674,1011,27,12,1926,626,1925,25],"class_list":{"0":"post-338897","1":"post","2":"type-post","3":"status-publish","4":"format-standard","5":"has-post-thumbnail","7":"category-paris","8":"tag-actu","9":"tag-actu-paris","10":"tag-actualites","11":"tag-actualites-paris","12":"tag-eu","13":"tag-europe","14":"tag-fr","15":"tag-france","16":"tag-news","17":"tag-news-paris","18":"tag-paris","19":"tag-paris-news","20":"tag-republique-francaise"},"share_on_mastodon":{"url":"https:\/\/pubeurope.com\/@fr\/115079098517142076","error":""},"_links":{"self":[{"href":"https:\/\/www.europesays.com\/fr\/wp-json\/wp\/v2\/posts\/338897","targetHints":{"allow":["GET"]}}],"collection":[{"href":"https:\/\/www.europesays.com\/fr\/wp-json\/wp\/v2\/posts"}],"about":[{"href":"https:\/\/www.europesays.com\/fr\/wp-json\/wp\/v2\/types\/post"}],"author":[{"embeddable":true,"href":"https:\/\/www.europesays.com\/fr\/wp-json\/wp\/v2\/users\/2"}],"replies":[{"embeddable":true,"href":"https:\/\/www.europesays.com\/fr\/wp-json\/wp\/v2\/comments?post=338897"}],"version-history":[{"count":0,"href":"https:\/\/www.europesays.com\/fr\/wp-json\/wp\/v2\/posts\/338897\/revisions"}],"wp:featuredmedia":[{"embeddable":true,"href":"https:\/\/www.europesays.com\/fr\/wp-json\/wp\/v2\/media\/338898"}],"wp:attachment":[{"href":"https:\/\/www.europesays.com\/fr\/wp-json\/wp\/v2\/media?parent=338897"}],"wp:term":[{"taxonomy":"category","embeddable":true,"href":"https:\/\/www.europesays.com\/fr\/wp-json\/wp\/v2\/categories?post=338897"},{"taxonomy":"post_tag","embeddable":true,"href":"https:\/\/www.europesays.com\/fr\/wp-json\/wp\/v2\/tags?post=338897"}],"curies":[{"name":"wp","href":"https:\/\/api.w.org\/{rel}","templated":true}]}}