{"id":338899,"date":"2025-08-23T16:47:15","date_gmt":"2025-08-23T16:47:15","guid":{"rendered":"https:\/\/www.europesays.com\/fr\/338899\/"},"modified":"2025-08-23T16:47:15","modified_gmt":"2025-08-23T16:47:15","slug":"drame-sur-le-tournage-demily-in-paris-le-realisateur-adjoint-diego-borella-seffondre-et-meurt-sur-le-set-de-la-saison-5-en-italie","status":"publish","type":"post","link":"https:\/\/www.europesays.com\/fr\/338899\/","title":{"rendered":"Drame sur le tournage d&rsquo;Emily in Paris, le r\u00e9alisateur adjoint Diego Borella s&rsquo;effondre et meurt sur le set de la saison 5 en Italie"},"content":{"rendered":"<p>Alors que la saison 5 d&rsquo;Emily in Paris est actuellement en tournage \u00e0 Venise en Italie, elle a \u00e9t\u00e9 endeuill\u00e9e par le d\u00e9c\u00e8s soudain d&rsquo;un assistant r\u00e9alisateur de la s\u00e9rie. En cons\u00e9quence, Netflix a pris la d\u00e9cision de suspendre la suite des prises de vues de la s\u00e9rie pour le moment. <\/p>\n<p><a href=\"https:\/\/www.programme-tv.net\/news\/series-tv\/385777-emily-in-paris-saison-5-la-date-de-sortie-et-les-premieres-images-devoilees\/\" data-api-deeplink=\"teleloisirs:\/\/news\/385777\" rel=\"nofollow noopener\" target=\"_blank\">Le tournage de la cinqui\u00e8me saison d&rsquo;Emily in Paris<\/a> vient d&rsquo;\u00eatre endeuill\u00e9 par la mort de Diego Borella. Celui qui \u0153uvrait comme assistant r\u00e9alisateur de la s\u00e9rie culte de Netflix est d\u00e9c\u00e9d\u00e9 \u00e0 l&rsquo;\u00e2ge de 47 ans. D&rsquo;apr\u00e8s plusieurs journaux italiens, il se serait effondr\u00e9, vers 19 heures, le jeudi 21 ao\u00fbt. C&rsquo;est le studio Paramount qui a d\u00e9voil\u00e9 la triste nouvelle au site People. \u00ab\u00a0Nous sommes profond\u00e9ment attrist\u00e9s d&rsquo;annoncer le d\u00e9c\u00e8s soudain d&rsquo;un membre de l&rsquo;\u00e9quipe de production d&rsquo;Emily in Paris. Nos pens\u00e9es vont \u00e0 la famille et aux proches de la personne d\u00e9c\u00e9d\u00e9e en cette p\u00e9riode extr\u00eamement difficile\u00a0\u00bb, indique le communiqu\u00e9. En cons\u00e9quence, Netflix a pris la d\u00e9cision de suspendre la suite des prises de vues de la s\u00e9rie pour le moment.<\/p>\n<p>Diego Borella aurait succomb\u00e9 \u00e0 une crise cardiaque soudaine<\/p>\n<p>Le drame aurait eu lieu lors du tournage d&rsquo;une des sc\u00e8nes finales de la saison 5 d&rsquo;Emily in Paris \u00e0 l&rsquo;h\u00f4tel Danieli de Venise. Le personnel m\u00e9dical pr\u00e9sent sur place a tent\u00e9 en vain de ranimer Diego Borella. <b>D&rsquo;apr\u00e8s les informations de <\/b><a href=\"https:\/\/www.repubblica.it\/serietv\/netflix\/2025\/08\/22\/news\/diego_borella_morto_set_emily_in_paris_venezia-424802580\/\" rel=\"nofollow noopener\" target=\"_blank\"><b>La Repubblica<\/b><\/a><b>, il aurait probablement succomb\u00e9 \u00e0 une<\/b><b> \u00ab\u00a0crise cardiaque soudaine\u00a0\u00bb<\/b><b>. <\/b>Le journal italien rapporte que Diego Borella \u00e9tait \u00ab\u00a0un professionnel appr\u00e9ci\u00e9, originaire de Venise, qui avait suivi une formation \u00e0 Rome, Londres et New York\u00a0\u00bb. En plus du cin\u00e9ma, l&rsquo;assistant r\u00e9alisateur s&rsquo;int\u00e9ressait \u00e9galement \u00ab\u00a0au domaine des arts visuels et de la litt\u00e9rature\u00a0\u00bb. Il s&rsquo;\u00e9tait consacr\u00e9 r\u00e9cemment \u00e0 la po\u00e9sie et \u00e0 l&rsquo;\u00e9criture de contes et d&rsquo;histoires pour enfants.<\/p>\n<p>                        Netflix venait de d\u00e9voiler la date de sortie de la saison 5 d&rsquo;Emily in Paris<\/p>\n<p><a href=\"https:\/\/www.programme-tv.net\/news\/series-tv\/385777-emily-in-paris-saison-5-la-date-de-sortie-et-les-premieres-images-devoilees\/\" data-api-deeplink=\"teleloisirs:\/\/news\/385777\" rel=\"nofollow noopener\" target=\"_blank\">Netflix venait d&rsquo;annoncer, ce mercredi 20 ao\u00fbt, la date de sortie de la saison 5 d&rsquo;Emily in Paris sur la plateforme.<\/a> Elle \u00e9tait fix\u00e9e au 18 d\u00e9cembre 2025. Comme la fin de la pr\u00e9c\u00e9dente le laissait entendre, elle se d\u00e9roule en partie en Italie. Les premi\u00e8res images d\u00e9voil\u00e9es par le m\u00e9dia le d\u00e9montrent \u00e9galement. Plusieurs guests ont d\u00e9j\u00e0 \u00e9t\u00e9 annonc\u00e9es comme Minnie Driver, Bryan Greenberg ou encore la com\u00e9dienne fran\u00e7aise Mich\u00e8le Laroque.<\/p>\n","protected":false},"excerpt":{"rendered":"Alors que la saison 5 d&rsquo;Emily in Paris est actuellement en tournage \u00e0 Venise en Italie, elle a&hellip;\n","protected":false},"author":2,"featured_media":338900,"comment_status":"","ping_status":"","sticky":false,"template":"","format":"standard","meta":{"footnotes":""},"categories":[1888],"tags":[1111,1928,11,1927,244,11739,1777,674,1011,27,127,12,1926,626,1925,1722,25,4496,129],"class_list":{"0":"post-338899","1":"post","2":"type-post","3":"status-publish","4":"format-standard","5":"has-post-thumbnail","7":"category-paris","8":"tag-actu","9":"tag-actu-paris","10":"tag-actualites","11":"tag-actualites-paris","12":"tag-commentaire","13":"tag-emily-in-paris","14":"tag-eu","15":"tag-europe","16":"tag-fr","17":"tag-france","18":"tag-netflix","19":"tag-news","20":"tag-news-paris","21":"tag-paris","22":"tag-paris-news","23":"tag-pub-streaming-netflix","24":"tag-republique-francaise","25":"tag-superstream","26":"tag-svod"},"share_on_mastodon":{"url":"https:\/\/pubeurope.com\/@fr\/115079102229093899","error":""},"_links":{"self":[{"href":"https:\/\/www.europesays.com\/fr\/wp-json\/wp\/v2\/posts\/338899","targetHints":{"allow":["GET"]}}],"collection":[{"href":"https:\/\/www.europesays.com\/fr\/wp-json\/wp\/v2\/posts"}],"about":[{"href":"https:\/\/www.europesays.com\/fr\/wp-json\/wp\/v2\/types\/post"}],"author":[{"embeddable":true,"href":"https:\/\/www.europesays.com\/fr\/wp-json\/wp\/v2\/users\/2"}],"replies":[{"embeddable":true,"href":"https:\/\/www.europesays.com\/fr\/wp-json\/wp\/v2\/comments?post=338899"}],"version-history":[{"count":0,"href":"https:\/\/www.europesays.com\/fr\/wp-json\/wp\/v2\/posts\/338899\/revisions"}],"wp:featuredmedia":[{"embeddable":true,"href":"https:\/\/www.europesays.com\/fr\/wp-json\/wp\/v2\/media\/338900"}],"wp:attachment":[{"href":"https:\/\/www.europesays.com\/fr\/wp-json\/wp\/v2\/media?parent=338899"}],"wp:term":[{"taxonomy":"category","embeddable":true,"href":"https:\/\/www.europesays.com\/fr\/wp-json\/wp\/v2\/categories?post=338899"},{"taxonomy":"post_tag","embeddable":true,"href":"https:\/\/www.europesays.com\/fr\/wp-json\/wp\/v2\/tags?post=338899"}],"curies":[{"name":"wp","href":"https:\/\/api.w.org\/{rel}","templated":true}]}}