{"id":33890,"date":"2025-04-18T10:57:13","date_gmt":"2025-04-18T10:57:13","guid":{"rendered":"https:\/\/www.europesays.com\/fr\/33890\/"},"modified":"2025-04-18T10:57:13","modified_gmt":"2025-04-18T10:57:13","slug":"ouverture-dune-enquete-pour-crime-de-haine-islamophobe-apres-la-profanation-de-85-tombes-musulmanes","status":"publish","type":"post","link":"https:\/\/www.europesays.com\/fr\/33890\/","title":{"rendered":"Ouverture d&rsquo;une enqu\u00eate pour \u00ab crime de haine islamophobe \u00bb apr\u00e8s la profanation de 85 tombes musulmanes"},"content":{"rendered":"<p style=\"text-align:justify;\">AA \/ Londres \/ Aysu Bicer<\/p>\n<p style=\"text-align:justify;\">La police britannique a ouvert une enqu\u00eate, mardi, sur ce qui est consid\u00e9r\u00e9 comme un crime de haine islamophobe apr\u00e8s la profanation de 85 tombes, dont beaucoup appartenaient \u00e0 des b\u00e9b\u00e9s et \u00e0 de jeunes enfants, dans la section musulmane du cimeti\u00e8re de Carpenders Park Lawn, \u00e0 Watford.<\/p>\n<p style=\"text-align:justify;\">La police du Hertfordshire a d\u00e9clar\u00e9 que les actes de vandalisme, d\u00e9couverts par une famille en deuil lors d&rsquo;une visite du site, ont profond\u00e9ment choqu\u00e9 et boulevers\u00e9 la communaut\u00e9 musulmane locale.<\/p>\n<p style=\"text-align:justify;\">Des patrouilles suppl\u00e9mentaires sont effectu\u00e9es dans la zone et la police lance un appel \u00e0 t\u00e9moins ou \u00e0 toute personne ayant des informations \u00e0 communiquer.<\/p>\n<p style=\"text-align:justify;\">L&rsquo;inspecteur Will Rogers-Overy a confirm\u00e9 que des officiers sup\u00e9rieurs travaillaient avec les dirigeants de la communaut\u00e9 pour apporter un soutien aux familles affect\u00e9es.<\/p>\n<p style=\"text-align:justify;\">\u00ab Dans les jours \u00e0 venir, nous allons renforcer le dialogue avec la communaut\u00e9 musulmane, qui a \u00e9t\u00e9 particuli\u00e8rement touch\u00e9e par cet horrible crime \u00bb, a-t-il d\u00e9clar\u00e9.<\/p>\n<p style=\"text-align:justify;\">La soci\u00e9t\u00e9 de pompes fun\u00e8bres Wadi Funeralcare, qui offre ses services \u00e0 de nombreuses familles musulmanes de la r\u00e9gion, a qualifi\u00e9 la profanation de \u00ab d\u00e9chirante \u201c et a d\u00e9clar\u00e9 que certaines tombes avaient \u00e9t\u00e9 l&rsquo;objet \u201d d`actes d&rsquo;irrespect inqualifiables \u00bb.<\/p>\n<p style=\"text-align:justify;\">Le cimeti\u00e8re de Carpenders Park Lawn, bien que situ\u00e9 \u00e0 Watford, rel\u00e8ve du Conseil de Brent qui en assure la gestion.<\/p>\n<p style=\"text-align:justify;\">Le pr\u00e9sident du conseil municipal, Muhammed Butt, a condamn\u00e9 l&rsquo;incident comme un acte potentiel de haine islamophobe.<\/p>\n<p style=\"text-align:justify;\">\u00ab Il s&rsquo;av\u00e8re que des tombes musulmanes ont \u00e9t\u00e9 prises pour cible dans ce qui semble \u00eatre un crime de haine islamophobe \u00bb, a d\u00e9clar\u00e9 Butt.<\/p>\n<p style=\"text-align:justify;\">\u00ab Nos pens\u00e9es vont aux familles de ceux dont les tombes ont \u00e9t\u00e9 profan\u00e9es. Nous remettrons en place les pierres tombales endommag\u00e9es et ferons en sorte que le cimeti\u00e8re redevienne un lieu de paix et de recueillement d\u00e8s que l&rsquo;enqu\u00eate de police sera achev\u00e9e \u00bb.<\/p>\n<p style=\"text-align:justify;\">Abbas Merali, conseiller municipal du district de Three Rivers, a qualifi\u00e9 la profanation d&rsquo;\u00ab acte barbare \u00bb et a d\u00e9clar\u00e9 qu&rsquo;elle avait caus\u00e9 \u00ab une immense angoisse aux familles endeuill\u00e9es et une profonde blessure \u00e0 l&rsquo;ensemble de notre communaut\u00e9 \u00bb.<\/p>\n<p style=\"text-align:justify;\">*Traduit de l\u2019Anglais par Mourad Belhaj<\/p>\n<p>                            &#13;<br \/>\n                                <a href=\"https:\/\/www.aa.com.tr\/fr\/p\/abonnement\/1001\" target=\"_blank\" style=\"font-size:12px; color:#444; text-decoration:none;\" rel=\"nofollow noopener\">&#13;<br \/>\n                                    Seulement une partie des d\u00e9p\u00eaches, que l&rsquo;Agence Anadolu diffuse \u00e0 ses abonn\u00e9s via le Syst\u00e8me de Diffusion interne (HAS), est diffus\u00e9e sur le site de l&rsquo;AA, de mani\u00e8re r\u00e9sum\u00e9e. <b style=\"color:#1897F7\">Contactez-nous s&rsquo;il vous pla\u00eet pour vous abonner.<\/b>&#13;<br \/>\n                                <\/a>&#13;<\/p>\n","protected":false},"excerpt":{"rendered":"AA \/ Londres \/ Aysu Bicer La police britannique a ouvert une enqu\u00eate, mardi, sur ce qui est&hellip;\n","protected":false},"author":2,"featured_media":33891,"comment_status":"","ping_status":"","sticky":false,"template":"","format":"standard","meta":{"footnotes":""},"categories":[1588],"tags":[11,1785,11160,11161,1777,674,12,11162,473,1853,1851,1850,1852,11163],"class_list":{"0":"post-33890","1":"post","2":"type-post","3":"status-publish","4":"format-standard","5":"has-post-thumbnail","7":"category-royaume-uni","8":"tag-actualites","9":"tag-anadolu-ajansi","10":"tag-cimetire-de-carpenders-park-lawn","11":"tag-crime-de-haine-islamophobe","12":"tag-eu","13":"tag-europe","14":"tag-news","15":"tag-profanation-de-tombes","16":"tag-royaume-uni","17":"tag-royaume-uni-de-grande-bretagne-et-dirlande-du-nord","18":"tag-uk","19":"tag-united-kingdom","20":"tag-united-kingdom-of-great-britain-and-northern-ireland","21":"tag-watford"},"share_on_mastodon":{"url":"https:\/\/pubeurope.com\/@fr\/114358612508487664","error":""},"_links":{"self":[{"href":"https:\/\/www.europesays.com\/fr\/wp-json\/wp\/v2\/posts\/33890","targetHints":{"allow":["GET"]}}],"collection":[{"href":"https:\/\/www.europesays.com\/fr\/wp-json\/wp\/v2\/posts"}],"about":[{"href":"https:\/\/www.europesays.com\/fr\/wp-json\/wp\/v2\/types\/post"}],"author":[{"embeddable":true,"href":"https:\/\/www.europesays.com\/fr\/wp-json\/wp\/v2\/users\/2"}],"replies":[{"embeddable":true,"href":"https:\/\/www.europesays.com\/fr\/wp-json\/wp\/v2\/comments?post=33890"}],"version-history":[{"count":0,"href":"https:\/\/www.europesays.com\/fr\/wp-json\/wp\/v2\/posts\/33890\/revisions"}],"wp:featuredmedia":[{"embeddable":true,"href":"https:\/\/www.europesays.com\/fr\/wp-json\/wp\/v2\/media\/33891"}],"wp:attachment":[{"href":"https:\/\/www.europesays.com\/fr\/wp-json\/wp\/v2\/media?parent=33890"}],"wp:term":[{"taxonomy":"category","embeddable":true,"href":"https:\/\/www.europesays.com\/fr\/wp-json\/wp\/v2\/categories?post=33890"},{"taxonomy":"post_tag","embeddable":true,"href":"https:\/\/www.europesays.com\/fr\/wp-json\/wp\/v2\/tags?post=33890"}],"curies":[{"name":"wp","href":"https:\/\/api.w.org\/{rel}","templated":true}]}}