{"id":338911,"date":"2025-08-23T16:53:48","date_gmt":"2025-08-23T16:53:48","guid":{"rendered":"https:\/\/www.europesays.com\/fr\/338911\/"},"modified":"2025-08-23T16:53:48","modified_gmt":"2025-08-23T16:53:48","slug":"keir-starmer-veut-retablir-les-relations-entre-lue-et-le-royaume-uni","status":"publish","type":"post","link":"https:\/\/www.europesays.com\/fr\/338911\/","title":{"rendered":"Keir Starmer veut r\u00e9tablir les relations entre l\u2019UE et le Royaume-Uni"},"content":{"rendered":"<p style=\"text-align: left\">Le nouveau gouvernement travailliste britannique a plaid\u00e9 jeudi (18 juillet) lors du sommet de la Communaut\u00e9 politique europ\u00e9enne en faveur d\u2019une \u00ab\u2009r\u00e9initialisation\u2009\u00bb de ses relations avec l\u2019UE, huit ans apr\u00e8s le Brexit.<\/p>\n<p style=\"text-align: left\">Le Premier ministre Keir Starmer a profit\u00e9 du <a href=\"https:\/\/www.euractiv.fr\/section\/elargissement\/news\/la-communaute-politique-europeenne-un-format-qui-peine-a-simposer\/?_ga=2.120844360.1579779825.1721384852-1032300981.1721384852\" target=\"_blank\" rel=\"noopener nofollow\">quatri\u00e8me sommet de la Communaut\u00e9 politique europ\u00e9enne (CPE)<\/a>, organis\u00e9 par le Royaume-Uni dans le palais de Blenheim, dans le sud de l\u2019Angleterre, pour discuter avec les dirigeants de l\u2019UE d\u2019une collaboration plus \u00e9troite.<\/p>\n<p style=\"text-align: left\">Deux semaines apr\u00e8s son entr\u00e9e en fonction, M. Starmer a fait savoir qu\u2019il souhaitait \u00ab\u2009donner le coup d\u2019envoi\u2009\u00bb du r\u00e9tablissement des relations pour l\u2019instant difficiles entre le Royaume-Uni et l\u2019Europe, en se concentrant dans un premier temps sur les questions de s\u00e9curit\u00e9 et de lutte contre l\u2019immigration clandestine.<\/p>\n<p style=\"text-align: left\">\u00ab\u2009Sous ma direction, le Royaume-Uni sera un ami et un partenaire, pr\u00eat \u00e0 travailler avec vous, sans faire partie de l\u2019Union europ\u00e9enne, mais en faisant partie int\u00e9grante de l\u2019Europe\u2009\u00bb, a affirm\u00e9 M. Starmer lors de l\u2019ouverture du sommet.<\/p>\n<p style=\"text-align: left\">\u00ab\u2009Nous voulons travailler avec vous tous pour r\u00e9tablir les relations, red\u00e9couvrir nos int\u00e9r\u00eats communs et renouveler les liens de confiance et d\u2019amiti\u00e9\u2009\u00bb, a d\u00e9clar\u00e9 le dirigeant travailliste \u00e0 ses homologues.<\/p>\n<p style=\"text-align: left\">En marge du sommet, M. Starmer a particip\u00e9 \u00e0 une s\u00e9rie de rencontres bilat\u00e9rales avec les dirigeants de l\u2019UE, notamment avec Emmanuel Macron. \u00ab\u00a0Je suis fier de quitter ce sommet avec des relations plus fortes en Europe\u00a0\u00bb, a confi\u00e9 M. Starmer \u00e0 la presse apr\u00e8s l\u2019\u00e9v\u00e8nement.<\/p>\n<p>Une coop\u00e9ration approfondie<\/p>\n<p style=\"text-align: left\">Les deux parties ont \u00e9galement discut\u00e9 d\u2019un sommet bilat\u00e9ral entre Londres et Bruxelles au d\u00e9but de l\u2019ann\u00e9e prochaine, ainsi que d\u2019un partenariat de s\u00e9curit\u00e9 entre l\u2019UE et le Royaume-Uni, selon des responsables europ\u00e9ens et britanniques.<\/p>\n<p style=\"text-align: left\">Selon le pr\u00e9sident du Conseil europ\u00e9en Charles Michel, pr\u00e9sent au sommet,\u00a0\u00ab\u2009il serait bon qu\u2019il soit possible \u00e0 l\u2019avenir d\u2019avoir un sommet bilat\u00e9ral afin que nous puissions mettre en place un cadre clair pour la coop\u00e9ration strat\u00e9gique entre le Royaume-Uni et l\u2019UE\u2009\u00bb.<\/p>\n<p style=\"text-align: left\">Cela ne pourrait cependant pas se concr\u00e9tiser aussi rapidement qu\u2019esp\u00e9r\u00e9.<\/p>\n<p style=\"text-align: left\">\u00ab\u2009Il serait sage de ne pas aller trop vite dans les d\u00e9tails de ce qui devrait \u00eatre discut\u00e9 ou \u00e9valu\u00e9\u2009\u00bb, a not\u00e9 M. Michel. De plus, l\u2019organisation du sommet bilat\u00e9ral incombera aux prochains responsables des institutions de l\u2019UE, a-t-il ajout\u00e9, alors que lui-m\u00eame devrait c\u00e9der sa place au Portuguais Ant\u00f3nio Costa.<\/p>\n<p style=\"text-align: left\">Il en irait de m\u00eame pour un pacte de s\u00e9curit\u00e9 entre l\u2019UE et le Royaume-Uni, a d\u00e9clar\u00e9 un haut fonctionnaire de l\u2019UE en d\u00e9but de semaine. Son \u00e9laboration prendrait plus de temps, mais il pourrait prendre forme d\u2019ici la fin de l\u2019ann\u00e9e.<\/p>\n<p style=\"text-align: left\">\u00c0 la question de savoir s\u2019il s\u2019inqui\u00e9tait d\u2019une \u00e9ventuel tentative de \u00ab\u2009picorage\u2009\u00bb du c\u00f4t\u00e9 britannique lors des n\u00e9gociations, M. Michel a r\u00e9pondu que si tentative il y avait, alors \u00ab\u2009il serait bien s\u00fbr l\u00e9gitime de d\u00e9fendre certains int\u00e9r\u00eats\u2009\u00bb.<\/p>\n<p style=\"text-align: left\">\u00ab\u2009Mais en fin de compte, ce qui importe, c\u2019est le bon sens et le courage politique afin que nous puissions faire les bons choix dans l\u2019int\u00e9r\u00eat de nos citoyens\u2009\u00bb, a conclu l\u2019homme politique belge.<\/p>\n<p style=\"text-align: left\">Londres veut modifier un accord afin d\u2019assouplir les contr\u00f4les aux fronti\u00e8res pour les produits agricoles et souhaite conclure un meilleur accord commercial dans un avenir proche. L\u2019UE esp\u00e8re quant \u00e0 elle trouver un terrain d\u2019entente sur la mobilit\u00e9 des jeunes et les droits de ses citoyens au Royaume-Uni.<\/p>\n<p style=\"text-align: left\">Le gouvernement de M.\u00a0Starmer a exclu de r\u00e9int\u00e9grer le march\u00e9 unique ou l\u2019union douani\u00e8re de l\u2019UE, ainsi qu\u2019un accord sur la libert\u00e9 de circulation.<\/p>\n<p style=\"text-align: left\">Le ministre britannique des Affaires \u00e9trang\u00e8res, David Lammy, a reconnu jeudi que Londres n\u2019\u00e9tait pas pr\u00e8s de ren\u00e9gocier les accords avec l\u2019UE, d\u00e9clarant que les travaillistes n\u2019en sont \u00ab\u00a0pas l\u00e0 deux semaines apr\u00e8s le d\u00e9but de [leur] mandat\u00a0\u00bb.<\/p>\n<p>Immigration<\/p>\n<p style=\"text-align: left\">L\u2019immigration \u00e9tait un th\u00e8me cl\u00e9 des discussions des 47 dirigeants pr\u00e9sents au sommet de jeudi. M. Starmer a d\u00e9clar\u00e9 que les probl\u00e8mes qui y sont li\u00e9s \u00ab\u2009ne peuvent \u00eatre r\u00e9solus sans l\u2019Europe\u2009\u00bb.<\/p>\n<p style=\"text-align: left\">\u00ab\u2009Nous avons commenc\u00e9 ce travail ici aujourd\u2019hui. Nous renfor\u00e7ons la pr\u00e9sence britannique au sein d\u2019Europol \u00e0 La Haye afin de jouer pleinement notre r\u00f4le dans le centre europ\u00e9en de lutte contre le trafic de migrants\u2009\u00bb, a indiqu\u00e9 M.\u00a0Starmer \u00e0 la presse \u00e0 l\u2019issue du sommet.<\/p>\n<p style=\"text-align: left\">\u00ab\u2009Nous avons conclu de nouveaux accords de coop\u00e9ration avec des partenaires tels que la Slov\u00e9nie et la Slovaquie afin d\u2019enrayer le crime organis\u00e9 et, gr\u00e2ce \u00e0 notre nouveau commandement de la s\u00e9curit\u00e9 des fronti\u00e8res, nous allons travailler avec nos partenaires europ\u00e9ens pour partager nos renseignements et notre expertise en mati\u00e8re de donn\u00e9es afin de mettre les gangs hors d\u2019\u00e9tat de nuire\u2009\u00bb, a-t-il ajout\u00e9.<\/p>\n<p style=\"text-align: left\">M.\u00a0Starmer a explicitement pris ses distances avec le pr\u00e9c\u00e9dent gouvernement conservateur de son pr\u00e9d\u00e9cesseur, Rishi Sunak, qui avait menac\u00e9 de se retirer d\u2019un trait\u00e9 international sur les droits de l\u2019Homme, proposant aux autres dirigeants europ\u00e9ens de faire table rase du pass\u00e9.<\/p>\n<p style=\"text-align: left\">Sur ce dernier point, le nouveau gouvernement britannique a supprim\u00e9 un accord controvers\u00e9 avec le Rwanda dans le cadre duquel le Royaume-Uni avait vers\u00e9 des centaines de millions de livres au pays d\u2019Afrique de l\u2019Est, sans qu\u2019aucun migrant n\u2019ait \u00e9t\u00e9 envoy\u00e9 de force dans ce pays, comme cela \u00e9tait initialement pr\u00e9vu.<\/p>\n<p style=\"text-align: left\">\u00ab\u2009Nous sommes ici pour servir notre pays dans l\u2019int\u00e9r\u00eat national, \u00e0 la recherche de solutions qui donneront des r\u00e9sultats. Plus encore, nous aborderons cette question avec humanit\u00e9 et dans le plus grand respect du droit international\u2009\u00bb, a d\u00e9clar\u00e9 M.\u00a0Starmer \u00e0 ses homologues europ\u00e9ens.<\/p>\n<p style=\"text-align: left\">\u00ab\u2009C\u2019est la raison pour laquelle nous avons supprim\u00e9 d\u00e8s le premier jour le projet inapplicable concernant le Rwanda. Et c\u2019est pourquoi nous ne nous retirerons jamais de la Convention europ\u00e9enne des droits de l\u2019Homme\u2009\u00bb, a-t-il ajout\u00e9.<\/p>\n<p style=\"text-align: left\">Comme son pr\u00e9d\u00e9cesseur conservateur Rishi Sunak, Keir Starmer a promis de combattre les passeurs permettant \u00e0 des milliers de migrants d\u2019arriver au Royaume-Uni par la Manche.<\/p>\n<p style=\"text-align: left\">Emmanuel Macron a r\u00e9affirm\u00e9 l\u2019engagement de la France \u00e0 \u00ab\u00a0constamment am\u00e9liorer la situation\u00a0\u00bb.<\/p>\n<p style=\"text-align: left\">\u00ab\u00a0Il n\u2019y a pas de baguette magique, parce que nous connaissons la situation. Nous faisons de notre mieux, nous avons am\u00e9lior\u00e9 la situation au cours de ces derni\u00e8res ann\u00e9es, et nous continuerons nos efforts\u00a0\u00bb, a-t-il dit aux journalistes.<\/p>\n<p><img loading=\"lazy\" decoding=\"async\" width=\"800\" height=\"600\" src=\"https:\/\/www.europesays.com\/fr\/wp-content\/uploads\/2025\/08\/11512265-800x600.jpg\" class=\"attachment-4x3 size-4x3 wp-post-image ea-media-unrolled ea-media-formatted img-responsive\" alt=\"\"\/><\/p>\n","protected":false},"excerpt":{"rendered":"Le nouveau gouvernement travailliste britannique a plaid\u00e9 jeudi (18 juillet) lors du sommet de la Communaut\u00e9 politique europ\u00e9enne&hellip;\n","protected":false},"author":2,"featured_media":338912,"comment_status":"","ping_status":"","sticky":false,"template":"","format":"standard","meta":{"footnotes":""},"categories":[1588],"tags":[11,1777,674,12,473,1853,1851,1850,1852],"class_list":{"0":"post-338911","1":"post","2":"type-post","3":"status-publish","4":"format-standard","5":"has-post-thumbnail","7":"category-royaume-uni","8":"tag-actualites","9":"tag-eu","10":"tag-europe","11":"tag-news","12":"tag-royaume-uni","13":"tag-royaume-uni-de-grande-bretagne-et-dirlande-du-nord","14":"tag-uk","15":"tag-united-kingdom","16":"tag-united-kingdom-of-great-britain-and-northern-ireland"},"share_on_mastodon":{"url":"https:\/\/pubeurope.com\/@fr\/115079129588750739","error":""},"_links":{"self":[{"href":"https:\/\/www.europesays.com\/fr\/wp-json\/wp\/v2\/posts\/338911","targetHints":{"allow":["GET"]}}],"collection":[{"href":"https:\/\/www.europesays.com\/fr\/wp-json\/wp\/v2\/posts"}],"about":[{"href":"https:\/\/www.europesays.com\/fr\/wp-json\/wp\/v2\/types\/post"}],"author":[{"embeddable":true,"href":"https:\/\/www.europesays.com\/fr\/wp-json\/wp\/v2\/users\/2"}],"replies":[{"embeddable":true,"href":"https:\/\/www.europesays.com\/fr\/wp-json\/wp\/v2\/comments?post=338911"}],"version-history":[{"count":0,"href":"https:\/\/www.europesays.com\/fr\/wp-json\/wp\/v2\/posts\/338911\/revisions"}],"wp:featuredmedia":[{"embeddable":true,"href":"https:\/\/www.europesays.com\/fr\/wp-json\/wp\/v2\/media\/338912"}],"wp:attachment":[{"href":"https:\/\/www.europesays.com\/fr\/wp-json\/wp\/v2\/media?parent=338911"}],"wp:term":[{"taxonomy":"category","embeddable":true,"href":"https:\/\/www.europesays.com\/fr\/wp-json\/wp\/v2\/categories?post=338911"},{"taxonomy":"post_tag","embeddable":true,"href":"https:\/\/www.europesays.com\/fr\/wp-json\/wp\/v2\/tags?post=338911"}],"curies":[{"name":"wp","href":"https:\/\/api.w.org\/{rel}","templated":true}]}}