{"id":338921,"date":"2025-08-23T16:58:12","date_gmt":"2025-08-23T16:58:12","guid":{"rendered":"https:\/\/www.europesays.com\/fr\/338921\/"},"modified":"2025-08-23T16:58:12","modified_gmt":"2025-08-23T16:58:12","slug":"des-echauffourees-eclatent-entre-les-supporters-et-les-joueurs-den-avant-guingamp-apres-la-deroute-face-au-red-star","status":"publish","type":"post","link":"https:\/\/www.europesays.com\/fr\/338921\/","title":{"rendered":"Des \u00e9chauffour\u00e9es \u00e9clatent entre les supporters et les joueurs d\u2019En Avant Guingamp apr\u00e8s la d\u00e9route face au Red Star"},"content":{"rendered":"<p>Ligue 2 (3e journ\u00e9e). Guingamp &#8211; Red Star : 0-4.<\/p>\n<p>Les probl\u00e8mes n\u2019en finissent plus de s\u2019accumuler pour En Avant Guingamp. D\u00e9j\u00e0 point\u00e9 du doigt pour un mercato qui se joue en pointill\u00e9 et la gestion de ses joueurs sur le d\u00e9part, sur le terrain, EAG brille encore moins.<\/p>\n<p>\u00ab Ils sont o\u00f9 les Guingampais ? \u00bb<\/p>\n<p>Malgr\u00e9 les changements tactiques impuls\u00e9s par l\u2019entra\u00eeneur Sylvain Ripoll, c\u2019est sous les hu\u00e9es d\u2019un public d\u00e9\u00e7u que les Guingampais ont rejoint leurs vestiaires du Roudourou, ce samedi apr\u00e8s-midi.<\/p>\n<p>Face \u00e0 un Red Star, qui, certes n\u2019avait pas la possession, mais se montrait saignant en transition, ils n\u2019ont rien pu faire (0-4). Et c\u2019est la mine basse, guid\u00e9s par Jacques Siwe, que la fin de la rencontre siffl\u00e9e, ils sont all\u00e9s se pr\u00e9senter devant le Kop.<\/p>\n<p>\u00ab Ils sont o\u00f9 les Guingampais \u00bb, entonnait ce dernier. Quelques minutes plus tard, la tension \u00e9tait \u00e0 son paroxysme et des \u00e9chauffour\u00e9es entre joueurs et supporters \u00e9clataient, poussant des membres du staff technique et la s\u00e9curit\u00e9 \u00e0 intervenir. Le calme revenait peu apr\u00e8s. Mais le message \u00e9tait pass\u00e9.<\/p>\n<p>\u00ab Un sentiment de honte \u00bb<\/p>\n<p>\u00ab Je n\u2019ai pas vu ce qu\u2019il s\u2019est pass\u00e9, mais j\u2019ai tr\u00e8s mal v\u00e9cu la rencontre, a confi\u00e9 l\u2019entra\u00eeneur Sylvain Ripoll apr\u00e8s coup. On a un sentiment de honte par rapport \u00e0 ce que l\u2019on a d\u00e9gag\u00e9, chez nous, devant notre public. Depuis la reprise, nous ne sommes pas en ordre de marche, cela a \u00e9t\u00e9 masqu\u00e9 par nos r\u00e9sultats sur les matchs amicaux. L\u2019investissement, la disponibilit\u00e9 au sein du collectif, l\u2019implication n\u2019\u00e9taient pas les m\u00eames que la saison pass\u00e9e. \u00bb<\/p>\n<p>Un manque d\u2019allant qui peut notamment s\u2019expliquer par l\u2019absence d\u2019un v\u00e9ritable bloc \u00e9quipe. L\u2019an pass\u00e9, \u00e0 son arriv\u00e9e, Sylvain Ripoll a pu compter sur un effectif dont la majorit\u00e9 des joueurs se connaissaient d\u00e9j\u00e0. Certes, Hemia, Labeau, ou encore Sissoko rejoignaient l\u2019\u00e9quipe, mais ils \u00e9taient l\u00e0 d\u00e8s juillet et avaient pu participer \u00e0 l\u2019ensemble de la pr\u00e9paration. Des conditions idoines pour b\u00e2tir un collectif ultra-huil\u00e9 contrairement \u00e0 cette ann\u00e9e. \u00ab On s\u2019est pr\u00e9par\u00e9 dans l\u2019approximation, a-t-il reconnu. Aujourd\u2019hui, on est en retard par rapport \u00e0 beaucoup d\u2019\u00e9quipes. \u00bb<\/p>\n<p>\u00ab Une grosse claque \u00bb<\/p>\n<p>Un retard qui s\u2019explique aussi (et surtout ?) par la lenteur du mercato guingampais dans le sens des d\u00e9parts comme des arriv\u00e9es. Pour autant, le technicien s\u2019est refus\u00e9 \u00e0 rejeter la faute sur sa direction. \u00ab Le premier responsable, c\u2019est l\u2019entra\u00eeneur, puisque c\u2019est lui qui fait la composition, donne les id\u00e9es de jeu, \u00e9labore l\u2019entra\u00eenement la semaine et doit d\u00e9livrer les bons messages. \u00bb<\/p>\n<p>Peut-\u00eatre mais pas seulement. La direction sportive d\u2019un c\u00f4t\u00e9, et les joueurs de l\u2019autre doivent \u00e9galement mettre la main \u00e0 la p\u00e2te. <\/p>\n<p>M\u00eame si, comme l\u2019a rappel\u00e9 le coach, \u00ab il n\u2019y a eu que trois matchs \u00bb, Guingamp ne compte qu\u2019un petit point au tableau d\u2019affichage. Une statistique qui fait t\u00e2che pour une \u00e9quipe qui compte jouer les play-offs.<\/p>\n<p>\u00ab Ce qui va \u00eatre important, c\u2019est notre capacit\u00e9 \u00e0 nous relever, parce que c\u2019est une grosse claque. Souhaitons que cela soit une claque salutaire&#8230; \u00bb<\/p>\n<p><strong class=\"tech\">La fiche technique<\/strong><\/p>\n<p class=\"tech\"><strong class=\"tech\">Arbitre <\/strong>: M. Valvet.<\/p>\n<p class=\"tech\"><strong class=\"tech\">BUTS<\/strong>. Red Star : Ikanga (23\u2019, 72\u2019), Hachem (48\u2019), Khaoui (56\u2019 sp).<\/p>\n<p class=\"tech\"><strong class=\"tech\">Avertissements<\/strong>. Guingamp : Hemia (38\u2019) ; Red Star : Huard (43\u2019), Khaoui (46\u2019), Ikanga (61\u2019).<\/p>\n<p class=\"tech\"><strong class=\"tech\">GUINGAMP <\/strong>: Ortol\u00e0 &#8211; Sissoko, Gomis, Demouchy, Abdallah (Ourega, 58\u2019) &#8211; Hatchi (Siwe, 58\u2019), Louiserre (c) (N\u2019Landu, 62\u2019), Sidib\u00e9 (Ahile, 62\u2019), Ott (Koffi, 75\u2019) &#8211; Hemia, Mafouta.<\/p>\n<p class=\"tech\">Entra\u00eeneur : S. Ripoll.<\/p>\n<p class=\"tech\"><strong class=\"tech\">RED STAR<\/strong> : Poussin &#8211; Durivaux, Lemonnier, Huard &#8211; Sylla, R. Hachem (c), Eickmayer (Renel, 83\u2018), Ciss\u00e9 (Trani, 88\u2019) &#8211; Khaoui (Danger, 74\u2019) &#8211; Durand (Benali, 74\u2019), Ikanga (A. Hachem, 75\u2019).<\/p>\n<p class=\"tech\">Entra\u00eeneur : G. Poirier. <\/p>\n","protected":false},"excerpt":{"rendered":"Ligue 2 (3e journ\u00e9e). Guingamp &#8211; Red Star : 0-4. Les probl\u00e8mes n\u2019en finissent plus de s\u2019accumuler pour&hellip;\n","protected":false},"author":2,"featured_media":338922,"comment_status":"","ping_status":"","sticky":false,"template":"","format":"standard","meta":{"footnotes":""},"categories":[2],"tags":[11,2171,19062,9594,765,3166,63,1011,27,4044,446,12,25,60],"class_list":{"0":"post-338921","1":"post","2":"type-post","3":"status-publish","4":"format-standard","5":"has-post-thumbnail","7":"category-actualites","8":"tag-actualites","9":"tag-cotes-darmor","10":"tag-ea-guingamp","11":"tag-en-avant-guingamp","12":"tag-en-continu","13":"tag-en-continu-sports","14":"tag-football","15":"tag-fr","16":"tag-france","17":"tag-guingamp","18":"tag-ligue-2","19":"tag-news","20":"tag-republique-francaise","21":"tag-sports"},"share_on_mastodon":{"url":"https:\/\/pubeurope.com\/@fr\/115079145315906587","error":""},"_links":{"self":[{"href":"https:\/\/www.europesays.com\/fr\/wp-json\/wp\/v2\/posts\/338921","targetHints":{"allow":["GET"]}}],"collection":[{"href":"https:\/\/www.europesays.com\/fr\/wp-json\/wp\/v2\/posts"}],"about":[{"href":"https:\/\/www.europesays.com\/fr\/wp-json\/wp\/v2\/types\/post"}],"author":[{"embeddable":true,"href":"https:\/\/www.europesays.com\/fr\/wp-json\/wp\/v2\/users\/2"}],"replies":[{"embeddable":true,"href":"https:\/\/www.europesays.com\/fr\/wp-json\/wp\/v2\/comments?post=338921"}],"version-history":[{"count":0,"href":"https:\/\/www.europesays.com\/fr\/wp-json\/wp\/v2\/posts\/338921\/revisions"}],"wp:featuredmedia":[{"embeddable":true,"href":"https:\/\/www.europesays.com\/fr\/wp-json\/wp\/v2\/media\/338922"}],"wp:attachment":[{"href":"https:\/\/www.europesays.com\/fr\/wp-json\/wp\/v2\/media?parent=338921"}],"wp:term":[{"taxonomy":"category","embeddable":true,"href":"https:\/\/www.europesays.com\/fr\/wp-json\/wp\/v2\/categories?post=338921"},{"taxonomy":"post_tag","embeddable":true,"href":"https:\/\/www.europesays.com\/fr\/wp-json\/wp\/v2\/tags?post=338921"}],"curies":[{"name":"wp","href":"https:\/\/api.w.org\/{rel}","templated":true}]}}