{"id":338932,"date":"2025-08-23T17:07:13","date_gmt":"2025-08-23T17:07:13","guid":{"rendered":"https:\/\/www.europesays.com\/fr\/338932\/"},"modified":"2025-08-23T17:07:13","modified_gmt":"2025-08-23T17:07:13","slug":"cyclisme-gravel-romain-bardet-frappe-fort-1ere-victoire-en-gravel-des-sa-2e-course","status":"publish","type":"post","link":"https:\/\/www.europesays.com\/fr\/338932\/","title":{"rendered":"Cyclisme. Gravel &#8211; Romain Bardet frappe fort : 1\u00e8re victoire en gravel d\u00e8s sa 2e course !"},"content":{"rendered":"<p>Incroyable <strong><a href=\"https:\/\/www.cyclismactu.net\/..\/news-gravel-route-premiere-course-world-series-et-premier-top-10-pour-romain-bardet-89632.html\" target=\"_blank\" rel=\"noopener\">Romain Bardet<\/a><\/strong> (Team Picnic PostNL) ! Seulement trois mois apr\u00e8s avoir pris sa retraite \u00e0 l&rsquo;issue du <strong>Giro d&rsquo;Italia<\/strong>, et pour sa deuxi\u00e8me course dans la discipline si particuli\u00e8re du gravel, apr\u00e8s un superbe top 10 la semaine derni\u00e8re, le Fran\u00e7ais a remport\u00e9 ce samedi la <strong>Monsterrando Gravel Race 2025, <\/strong>une \u00e9preuve italienne de gravel de grande renomm\u00e9e, int\u00e9gr\u00e9e depuis 2022 aux <strong>UCI Gravel World Series<\/strong>, le plus haut niveau dans cette discipline. Au bout de 120 kilom\u00e8tres de course dans le Pi\u00e9mont, il s&rsquo;est impos\u00e9 en solitaire devant un ancien coureur professionnel sur route, comme le Fran\u00e7ais, le Tch\u00e8que <strong>Petr Vakoc<\/strong>, et le N\u00e9erlandais <strong>Mathijs Loman<\/strong>.<\/p>\n<p>Vid\u00e9o &#8211; Les adieux de Romain Bardet apr\u00e8s le Dauphin\u00e9 2025 Lire la suite de l&rsquo;article&#13;<br \/>\nUne victoire&#8230; qui le qualifie aux Championnats du Monde !&#13;<\/p>\n<p>Si cette victoire est d\u00e9j\u00e0 une grande performance en soi, seulement quelques jours apr\u00e8s sa premi\u00e8re course en gravel, elle lui permet en plus de se qualifier pour les Championnats du Monde de la discipline, qui auront lieu les 11 et 12 octobre prochain \u00e0 Zuid-Limburg aux Pays-Bas. Avant \u00e7a, <strong>Romain Bardet<\/strong> pourra de nouveau se tester, notamment \u00e0 l&rsquo;occasion d&rsquo;une \u00e9tape des\u00a0<strong>UCI Gravel World Series <\/strong>en France, \u00e0 Les Angles dans les Pyr\u00e9nn\u00e9es Orientales.\u00a0<\/p>\n","protected":false},"excerpt":{"rendered":"Incroyable Romain Bardet (Team Picnic PostNL) ! Seulement trois mois apr\u00e8s avoir pris sa retraite \u00e0 l&rsquo;issue du&hellip;\n","protected":false},"author":2,"featured_media":338933,"comment_status":"","ping_status":"","sticky":false,"template":"","format":"standard","meta":{"footnotes":""},"categories":[1411],"tags":[1154,207,211,1011,27,6620,209,60,210,212,208,213],"class_list":{"0":"post-338932","1":"post","2":"type-post","3":"status-publish","4":"format-standard","5":"has-post-thumbnail","7":"category-cyclisme","8":"tag-cycling","9":"tag-cyclisme","10":"tag-ffc","11":"tag-fr","12":"tag-france","13":"tag-gravel","14":"tag-route","15":"tag-sports","16":"tag-tour-de-france","17":"tag-uci","18":"tag-velo","19":"tag-world-tour"},"share_on_mastodon":{"url":"https:\/\/pubeurope.com\/@fr\/115079180690678991","error":""},"_links":{"self":[{"href":"https:\/\/www.europesays.com\/fr\/wp-json\/wp\/v2\/posts\/338932","targetHints":{"allow":["GET"]}}],"collection":[{"href":"https:\/\/www.europesays.com\/fr\/wp-json\/wp\/v2\/posts"}],"about":[{"href":"https:\/\/www.europesays.com\/fr\/wp-json\/wp\/v2\/types\/post"}],"author":[{"embeddable":true,"href":"https:\/\/www.europesays.com\/fr\/wp-json\/wp\/v2\/users\/2"}],"replies":[{"embeddable":true,"href":"https:\/\/www.europesays.com\/fr\/wp-json\/wp\/v2\/comments?post=338932"}],"version-history":[{"count":0,"href":"https:\/\/www.europesays.com\/fr\/wp-json\/wp\/v2\/posts\/338932\/revisions"}],"wp:featuredmedia":[{"embeddable":true,"href":"https:\/\/www.europesays.com\/fr\/wp-json\/wp\/v2\/media\/338933"}],"wp:attachment":[{"href":"https:\/\/www.europesays.com\/fr\/wp-json\/wp\/v2\/media?parent=338932"}],"wp:term":[{"taxonomy":"category","embeddable":true,"href":"https:\/\/www.europesays.com\/fr\/wp-json\/wp\/v2\/categories?post=338932"},{"taxonomy":"post_tag","embeddable":true,"href":"https:\/\/www.europesays.com\/fr\/wp-json\/wp\/v2\/tags?post=338932"}],"curies":[{"name":"wp","href":"https:\/\/api.w.org\/{rel}","templated":true}]}}