{"id":338942,"date":"2025-08-23T17:12:12","date_gmt":"2025-08-23T17:12:12","guid":{"rendered":"https:\/\/www.europesays.com\/fr\/338942\/"},"modified":"2025-08-23T17:12:12","modified_gmt":"2025-08-23T17:12:12","slug":"lavocat-dadil-rami-revient-sur-sa-video-polemique","status":"publish","type":"post","link":"https:\/\/www.europesays.com\/fr\/338942\/","title":{"rendered":"L\u2019avocat d\u2019Adil Rami revient sur sa vid\u00e9o pol\u00e9mique"},"content":{"rendered":"<p>Le d\u00e9c\u00e8s en direct du streamer <a href=\"https:\/\/www.20minutes.fr\/sport\/football\/4168855-20250821-mort-jean-pormanove-mets-crochets-quand-rami-donnait-conseils-combat-boxe-jp\" target=\"_blank\" class=\"c-link c-link--is-underlined\" rel=\"noopener\">Jean Pormanove<\/a> dit JP, de son vrai nom Rapha\u00ebl Graven, sur la plateforme Kick continue d\u2019\u00e9mouvoir. Si les premi\u00e8res conclusions de l\u2019autopsie excluent <a href=\"https:\/\/www.20minutes.fr\/high-tech\/by-the-web\/4168921-20250821-mort-direct-jean-pormanove-autopsie-exclut-intervention-tiers\" target=\"_blank\" class=\"c-link c-link--is-underlined\" rel=\"noopener\">\u00ab\u00a0l\u2019intervention d\u2019un tiers\u00a0\u00bb<\/a>, les enqu\u00eateurs s\u2019interrogent sur un possible lien avec les abus de faiblesse dont il \u00e9tait victime.<\/p>\n<p>Au c\u0153ur de la tourmente, le champion du monde\u00a02018 <a href=\"https:\/\/www.20minutes.fr\/sport\/adil_rami\/\" target=\"_blank\" class=\"c-link c-link--is-underlined\" rel=\"noopener\">Adil Rami <\/a>s\u2019est exprim\u00e9 par l\u2019interm\u00e9diaire de son avocat vendredi pour justifier des propos pol\u00e9miques qui refont surface.<\/p>\n<p>Vid\u00e9o pol\u00e9mique<\/p>\n<p>A la suite du drame, l\u2019ex-joueur a \u00e9t\u00e9 point\u00e9 du doigt pour ses liens avec des membres de l\u2019\u00e9quipe du \u00ab\u00a0Lokal\u00a0\u00bb, \u00e0 l\u2019origine d\u2019un projet de live de plusieurs jours cons\u00e9cutifs dans lequel Jean Pormanove subissait coups et humiliations, ainsi que pour des propos tenus dans une vid\u00e9o datant de mars\u00a02024.<\/p>\n<p>Dans cette vid\u00e9o retrouv\u00e9e par <a href=\"https:\/\/www.liberation.fr\/checknews\/barcola-aubameyang-rami-des-footballeurs-accuses-davoir-soutenu-les-streams-violents-du-lokal-ayant-diffuse-la-mort-de-jean-pormanove-20250821_VP4F5ZGK3JFRFAX6ESA7FBNWZ4\/?redirected=1&amp;redirected=1\" rel=\"nofollow noopener\" target=\"_blank\" class=\"c-link c-link--is-underlined\">Lib\u00e9ration<\/a>, le joueur donne des conseils de boxe \u00e0 l\u2019un des streamers pour se battre &#8211; potentiellement &#8211; contre Jean Pormanove. \u00ab\u00a0Lui, il est grand, il a des grands bras, il faut que tu bouges, explique l\u2019ancien footballeur. Tu t\u2019approches de lui et, d\u2019un coup, mets-lui des crochets. Il va pas les voir arriver. Il voit mal, il a des grosses lunettes\u00a0\u00bb, peut-on entendre.<\/p>\n<p>\u00ab\u00a0Sinc\u00e8res condol\u00e9ances\u00a0\u00bb<\/p>\n<p>Contact\u00e9 par Lib\u00e9ration, l\u2019avocat d\u2019Adil Rami assure que ce dernier \u00ab\u00a0n\u2019a pas \u00e9t\u00e9 spectateur ou acteur des contenus et de la plateforme aujourd\u2019hui cibl\u00e9s, pas plus qu\u2019il n\u2019en a fait la promotion\u00a0\u00bb, ajoutant qu\u2019Adil Rami \u00ab\u00a0vouait une affection particuli\u00e8re \u00e0 Monsieur Rapha\u00ebl Graven\u00a0\u00bb. Et d\u2019ajouter\u00a0: \u00ab\u00a0les conseils de boxe \u00e9voqu\u00e9s remontent \u00e0 plus d\u2019un an et s\u2019inscrivaient dans un esprit convivial [\u2026] \u00e0 une p\u00e9riode o\u00f9 les protagonistes envisageaient simplement la pratique de ce sport dans un cadre ludique et sportif.\u00a0\u00bb<\/p>\n<\/p>\n<p>Lundi, alors qu\u2019il \u00e9tait lui-m\u00eame en live sur la plateforme Twitch, Adil Rami a \u00e9t\u00e9 pr\u00e9venu du d\u00e9c\u00e8s de Jean Pormanove par des viewers. perturb\u00e9, le sportif a momentan\u00e9ment coup\u00e9 le son de son live pour appeler l\u2019un des membres du \u00ab\u00a0Lokal\u00a0\u00bb avant de se d\u00e9connecter totalement.<\/p>\n<p>\u00ab\u00a0Attach\u00e9 aux valeurs de respect et de bienveillance, Adil Rami vouait une affection particuli\u00e8re \u00e0 Monsieur Rapha\u00ebl Graven\u00a0\u00bb, indique son avocat comme le rapporte le journal <a href=\"https:\/\/www.lequipe.fr\/Medias\/Actualites\/Affaire-jean-pormanove-adil-rami-n-a-jamais-ete-spectateur-ni-acteur-des-contenus-et-de-la-plateforme-vises-reagit-son-avocat\/1586679\" target=\"_blank\" class=\"c-link c-link--is-underlined\" rel=\"noopener\">L\u2019Equipe<\/a>. \u00ab\u00a0Touch\u00e9 par sa sensibilit\u00e9 et sa personnalit\u00e9, il a eu le privil\u00e8ge de le rencontrer et de partager avec lui des instants de joie autour de leur passion commune pour les jeux vid\u00e9o, partage Me Plancque. Ses pens\u00e9es \u00e9mues vont aujourd\u2019hui \u00e0 Monsieur Graven et \u00e0 sa famille, \u00e0 qui il adresse ses sinc\u00e8res condol\u00e9ances\u00a0\u00bb, conclut son avocat.<\/p>\n","protected":false},"excerpt":{"rendered":"Le d\u00e9c\u00e8s en direct du streamer Jean Pormanove dit JP, de son vrai nom Rapha\u00ebl Graven, sur la&hellip;\n","protected":false},"author":2,"featured_media":338943,"comment_status":"","ping_status":"","sticky":false,"template":"","format":"standard","meta":{"footnotes":""},"categories":[1356],"tags":[47,1682,58,59,118,1011,27,310,303,252,1364],"class_list":{"0":"post-338942","1":"post","2":"type-post","3":"status-publish","4":"format-standard","5":"has-post-thumbnail","7":"category-television","8":"tag-actualite","9":"tag-adil-rami","10":"tag-divertissement","11":"tag-entertainment","12":"tag-faits-divers","13":"tag-fr","14":"tag-france","15":"tag-internet","16":"tag-justice","17":"tag-television","18":"tag-tv"},"share_on_mastodon":{"url":"https:\/\/pubeurope.com\/@fr\/115079200401476094","error":""},"_links":{"self":[{"href":"https:\/\/www.europesays.com\/fr\/wp-json\/wp\/v2\/posts\/338942","targetHints":{"allow":["GET"]}}],"collection":[{"href":"https:\/\/www.europesays.com\/fr\/wp-json\/wp\/v2\/posts"}],"about":[{"href":"https:\/\/www.europesays.com\/fr\/wp-json\/wp\/v2\/types\/post"}],"author":[{"embeddable":true,"href":"https:\/\/www.europesays.com\/fr\/wp-json\/wp\/v2\/users\/2"}],"replies":[{"embeddable":true,"href":"https:\/\/www.europesays.com\/fr\/wp-json\/wp\/v2\/comments?post=338942"}],"version-history":[{"count":0,"href":"https:\/\/www.europesays.com\/fr\/wp-json\/wp\/v2\/posts\/338942\/revisions"}],"wp:featuredmedia":[{"embeddable":true,"href":"https:\/\/www.europesays.com\/fr\/wp-json\/wp\/v2\/media\/338943"}],"wp:attachment":[{"href":"https:\/\/www.europesays.com\/fr\/wp-json\/wp\/v2\/media?parent=338942"}],"wp:term":[{"taxonomy":"category","embeddable":true,"href":"https:\/\/www.europesays.com\/fr\/wp-json\/wp\/v2\/categories?post=338942"},{"taxonomy":"post_tag","embeddable":true,"href":"https:\/\/www.europesays.com\/fr\/wp-json\/wp\/v2\/tags?post=338942"}],"curies":[{"name":"wp","href":"https:\/\/api.w.org\/{rel}","templated":true}]}}