{"id":338946,"date":"2025-08-23T17:14:11","date_gmt":"2025-08-23T17:14:11","guid":{"rendered":"https:\/\/www.europesays.com\/fr\/338946\/"},"modified":"2025-08-23T17:14:11","modified_gmt":"2025-08-23T17:14:11","slug":"on-avait-limpression-detre-tout-droit-sorti-dun-film-de-catastrophe-un-pan-de-falaise-se-decroche-en-seine-maritime-actualites","status":"publish","type":"post","link":"https:\/\/www.europesays.com\/fr\/338946\/","title":{"rendered":"\u00ab\u00a0On avait l&rsquo;impression d&rsquo;\u00eatre tout droit sorti d&rsquo;un film de catastrophe\u00a0\u00bb, un pan de falaise se d\u00e9croche en Seine-Maritime : Actualit\u00e9s"},"content":{"rendered":"<p class=\"lead \"><strong>Un morceau de falaise s\u2019est effondr\u00e9 \u00e0 Saint-Martin-aux-Buneaux (Seine-Maritime) vendredi 22 ao\u00fbt. L\u2019incident, film\u00e9 par des promeneurs, n&rsquo;a pas fait de bless\u00e9.<\/strong><\/p>\n<p class=\"lead \">C\u2019est un \u00e9v\u00e9nement spectaculaire qui n\u2019a heureusement pas fait de bless\u00e9. Vendredi 22 ao\u00fbt, aux alentours de 18h50, une partie de la falaise dominant la plage des Petites-Dalles, sur la commune de Saint-Martin-aux-Buneaux (Seine-Maritime), s\u2019est d\u00e9tach\u00e9e et a chut\u00e9 vers le rivage. L\u2019\u00e9v\u00e9nement s\u2019est produit sous les yeux de promeneurs pr\u00e9sents sur le site, dont certains ont film\u00e9 la sc\u00e8ne et diffus\u00e9 les images sur les r\u00e9seaux sociaux.<\/p>\n<p>                                                                                                \u00ab\u00a0On a entendu comme le bruit d&rsquo;un avion de chasse\u00a0\u00bb<\/p>\n<p class=\"lead \">Philippe Duboc, adjoint au maire et responsable local de la SNSM, contact\u00e9 par nos confr\u00e8res d\u2019<a href=\"https:\/\/www.francebleu.fr\/infos\/environnement\/un-impressionnant-pan-de-falaise-s-effondre-aux-petites-dalles-sans-faire-de-blesse-8642310\" target=\"_blank\" rel=\"nofollow noopener\">Ici Normandie<\/a>, a d\u00e9crit la sc\u00e8ne : \u00ab\u00a0On a entendu comme le bruit d&rsquo;un avion de chasse. Tout le monde a regard\u00e9 et on voit un l\u00e9ger \u00e9boulement de falaise, c\u00f4t\u00e9 Dieppe.\u201d Et l\u2019adjoint, pr\u00e9sent lors de la chute des rochers, de r\u00e9sumer : \u00ab\u00a0On avait l&rsquo;impression d&rsquo;\u00eatre tout droit sorti d&rsquo;un film de catastrophe.\u00a0\u00bb<\/p>\n<p class=\"lead \">Et pour cause, sur une vid\u00e9o post\u00e9e par un internaute sur Facebook, on voit bien une partie de la falaise s\u2019effondrer avec fracas en contrebas alors m\u00eame que des touristes se trouvent \u00e0 proximit\u00e9. Heureusement, l\u2019incident, bien que spectaculaire, n&rsquo;a fait aucun bless\u00e9.<\/p>\n<p>                                                                                                Des pr\u00e9c\u00e9dents sur la c\u00f4te normande<\/p>\n<p class=\"lead \">Ce n\u2019est pas la premi\u00e8re fois que le littoral de la Seine-Maritime conna\u00eet un tel ph\u00e9nom\u00e8ne. Le 5 ao\u00fbt, un pan de falaise s\u2019\u00e9tait d\u00e9j\u00e0 effondr\u00e9 \u00e0 Criel-sur-Mer, l\u00e0 aussi sans faire de bless\u00e9. En mars 2025, la commune des Loges, entre \u00c9tretat et F\u00e9camp, avait \u00e9galement enregistr\u00e9 un \u00e9boulement du m\u00eame type, rel\u00e8ve \u00e9galement <a href=\"https:\/\/actu.fr\/normandie\/saint-martin-aux-buneaux_76613\/video-un-nouveau-pan-de-falaise-s-effondre-sur-une-plage-pres-de-fecamp_63070186.html\" target=\"_blank\" rel=\"nofollow noopener\">76 actu<\/a>.<\/p>\n<p class=\"small font-weight-bold text-gray3 \"> publi\u00e9 le 23 ao\u00fbt \u00e0 18h25, Alexandra Frenkel, 6Medias<\/p>\n<p>                             Partager<\/p>\n","protected":false},"excerpt":{"rendered":"Un morceau de falaise s\u2019est effondr\u00e9 \u00e0 Saint-Martin-aux-Buneaux (Seine-Maritime) vendredi 22 ao\u00fbt. L\u2019incident, film\u00e9 par des promeneurs, n&rsquo;a&hellip;\n","protected":false},"author":2,"featured_media":338947,"comment_status":"","ping_status":"","sticky":false,"template":"","format":"standard","meta":{"footnotes":""},"categories":[1354],"tags":[58,59,1346,1011,27,1360],"class_list":{"0":"post-338946","1":"post","2":"type-post","3":"status-publish","4":"format-standard","5":"has-post-thumbnail","7":"category-films","8":"tag-divertissement","9":"tag-entertainment","10":"tag-films","11":"tag-fr","12":"tag-france","13":"tag-movies"},"share_on_mastodon":{"url":"https:\/\/pubeurope.com\/@fr\/115079208251059534","error":""},"_links":{"self":[{"href":"https:\/\/www.europesays.com\/fr\/wp-json\/wp\/v2\/posts\/338946","targetHints":{"allow":["GET"]}}],"collection":[{"href":"https:\/\/www.europesays.com\/fr\/wp-json\/wp\/v2\/posts"}],"about":[{"href":"https:\/\/www.europesays.com\/fr\/wp-json\/wp\/v2\/types\/post"}],"author":[{"embeddable":true,"href":"https:\/\/www.europesays.com\/fr\/wp-json\/wp\/v2\/users\/2"}],"replies":[{"embeddable":true,"href":"https:\/\/www.europesays.com\/fr\/wp-json\/wp\/v2\/comments?post=338946"}],"version-history":[{"count":0,"href":"https:\/\/www.europesays.com\/fr\/wp-json\/wp\/v2\/posts\/338946\/revisions"}],"wp:featuredmedia":[{"embeddable":true,"href":"https:\/\/www.europesays.com\/fr\/wp-json\/wp\/v2\/media\/338947"}],"wp:attachment":[{"href":"https:\/\/www.europesays.com\/fr\/wp-json\/wp\/v2\/media?parent=338946"}],"wp:term":[{"taxonomy":"category","embeddable":true,"href":"https:\/\/www.europesays.com\/fr\/wp-json\/wp\/v2\/categories?post=338946"},{"taxonomy":"post_tag","embeddable":true,"href":"https:\/\/www.europesays.com\/fr\/wp-json\/wp\/v2\/tags?post=338946"}],"curies":[{"name":"wp","href":"https:\/\/api.w.org\/{rel}","templated":true}]}}