{"id":338961,"date":"2025-08-23T17:23:16","date_gmt":"2025-08-23T17:23:16","guid":{"rendered":"https:\/\/www.europesays.com\/fr\/338961\/"},"modified":"2025-08-23T17:23:16","modified_gmt":"2025-08-23T17:23:16","slug":"saint-just-saint-rambert-le-raza-de-grangent","status":"publish","type":"post","link":"https:\/\/www.europesays.com\/fr\/338961\/","title":{"rendered":"Saint-Just-Saint-Rambert. Le raza de Grangent"},"content":{"rendered":"<p>Aux confins de la commune de Saint-Just Saint-Rambert, et de Saint-Victor-sur-Loire se dresse une forteresse sur une petite \u00eele au milieu d\u2019une \u00e9tendue d\u2019eau\u00a0: le ch\u00e2teau de Grangent.<\/p>\n<p>Au commencement, des querelles de clocher<\/p>\n<p>Dans un pr\u00e9c\u00e9dent article, nous \u00e9voquions la l\u00e9gende concernant le terrible baron qui y vivait, mais une autre histoire raconte comment ce lopin de terre s\u2019est d\u00e9tach\u00e9 du plateau des Condamines pour former une \u00eele. Car oui, autrefois, ce&#8230;<\/p>\n","protected":false},"excerpt":{"rendered":"Aux confins de la commune de Saint-Just Saint-Rambert, et de Saint-Victor-sur-Loire se dresse une forteresse sur une petite&hellip;\n","protected":false},"author":2,"featured_media":338962,"comment_status":"","ping_status":"","sticky":false,"template":"","format":"standard","meta":{"footnotes":""},"categories":[9653],"tags":[1111,11,2430,1687,7359,436,1777,674,1011,27,8423,12,2661,25,4001,20524,20525],"class_list":{"0":"post-338961","1":"post","2":"type-post","3":"status-publish","4":"format-standard","5":"has-post-thumbnail","7":"category-saint-etienne","8":"tag-actu","9":"tag-actualites","10":"tag-auvergne-rhone-alpes","11":"tag-culture-loisirs","12":"tag-edition-loire-centre","13":"tag-environnement","14":"tag-eu","15":"tag-europe","16":"tag-fr","17":"tag-france","18":"tag-meteorologie-climat","19":"tag-news","20":"tag-patrimoine-culturel","21":"tag-republique-francaise","22":"tag-saint-etienne","23":"tag-saint-just-saint-rambert","24":"tag-saint-just-saint-rambert-ville"},"share_on_mastodon":{"url":"https:\/\/pubeurope.com\/@fr\/115079243693931351","error":""},"_links":{"self":[{"href":"https:\/\/www.europesays.com\/fr\/wp-json\/wp\/v2\/posts\/338961","targetHints":{"allow":["GET"]}}],"collection":[{"href":"https:\/\/www.europesays.com\/fr\/wp-json\/wp\/v2\/posts"}],"about":[{"href":"https:\/\/www.europesays.com\/fr\/wp-json\/wp\/v2\/types\/post"}],"author":[{"embeddable":true,"href":"https:\/\/www.europesays.com\/fr\/wp-json\/wp\/v2\/users\/2"}],"replies":[{"embeddable":true,"href":"https:\/\/www.europesays.com\/fr\/wp-json\/wp\/v2\/comments?post=338961"}],"version-history":[{"count":0,"href":"https:\/\/www.europesays.com\/fr\/wp-json\/wp\/v2\/posts\/338961\/revisions"}],"wp:featuredmedia":[{"embeddable":true,"href":"https:\/\/www.europesays.com\/fr\/wp-json\/wp\/v2\/media\/338962"}],"wp:attachment":[{"href":"https:\/\/www.europesays.com\/fr\/wp-json\/wp\/v2\/media?parent=338961"}],"wp:term":[{"taxonomy":"category","embeddable":true,"href":"https:\/\/www.europesays.com\/fr\/wp-json\/wp\/v2\/categories?post=338961"},{"taxonomy":"post_tag","embeddable":true,"href":"https:\/\/www.europesays.com\/fr\/wp-json\/wp\/v2\/tags?post=338961"}],"curies":[{"name":"wp","href":"https:\/\/api.w.org\/{rel}","templated":true}]}}