{"id":338983,"date":"2025-08-23T17:39:12","date_gmt":"2025-08-23T17:39:12","guid":{"rendered":"https:\/\/www.europesays.com\/fr\/338983\/"},"modified":"2025-08-23T17:39:12","modified_gmt":"2025-08-23T17:39:12","slug":"le-farse-fete-ses-dix-ans-en-vingt-spectacles-gratuits","status":"publish","type":"post","link":"https:\/\/www.europesays.com\/fr\/338983\/","title":{"rendered":"le FARSe f\u00eate ses dix ans en vingt spectacles gratuits"},"content":{"rendered":"<p>\u00c9dition anniversaire, \u00e9dition particuli\u00e8re\u00a0? Organis\u00e9 en r\u00e9gie directe par la Ville de Strasbourg \u2013 une exception en soi \u2013, le FARSe f\u00eate ces 28, 29, 30 et 31\u00a0ao\u00fbt ses dix ans sous sa forme festivali\u00e8re actuelle. L\u2019occasion de \u00ab\u00a0Jubiler\u00a0\u00bb (la th\u00e9matique 2025, choisie en lien avec <a href=\"https:\/\/www.dna.fr\/culture-loisirs\/2023\/07\/07\/axel-goepfer-nouveau-directeur-artistique-du-farse\" target=\"_blank\" rel=\"nofollow noopener\">le directeur artistique Axel Goepfer<\/a> ) en profitant des 20 spectacles programm\u00e9s\u00a0; celle aussi de se souvenir, en d\u00e9couvrant la r\u00e9trospective pr\u00e9sent\u00e9e au Village du festival, qui pose pour la deuxi\u00e8me fois cons\u00e9cutive ses valises \u00e0 la Manufacture des tabacs.<\/p>\n<p>Le Village du festival de retour \u00e0 la Manufacture<\/p>\n<p>Tout \u00e0 la fois base op\u00e9rationnelle, espace de restauration des artistes et lieu de vie pour les festivaliers, <a href=\"https:\/\/www.dna.fr\/culture-loisirs\/2024\/08\/17\/arts-de-la-rue-le-farse-de-retour-en-ville-du-23-au-25-aout\" target=\"_blank\" rel=\"nofollow noopener\">la \u00ab\u00a0Manu\u00a0\u00bb verra fleurir les animations<\/a>. Entre deux spectacles,&#8230;<\/p>\n","protected":false},"excerpt":{"rendered":"\u00c9dition anniversaire, \u00e9dition particuli\u00e8re\u00a0? Organis\u00e9 en r\u00e9gie directe par la Ville de Strasbourg \u2013 une exception en soi&hellip;\n","protected":false},"author":2,"featured_media":338984,"comment_status":"","ping_status":"","sticky":false,"template":"","format":"standard","meta":{"footnotes":""},"categories":[2820],"tags":[1111,11,1687,2880,27337,1777,674,107,1011,27,775,873,12,4043,25,104,953,3140,640,2879,1631],"class_list":{"0":"post-338983","1":"post","2":"type-post","3":"status-publish","4":"format-standard","5":"has-post-thumbnail","7":"category-strasbourg","8":"tag-actu","9":"tag-actualites","10":"tag-culture-loisirs","11":"tag-edition-strasbourg","12":"tag-estivales","13":"tag-eu","14":"tag-europe","15":"tag-fil-info","16":"tag-fr","17":"tag-france","18":"tag-grand-est","19":"tag-musique","20":"tag-news","21":"tag-repas-et-the-dansant","22":"tag-republique-francaise","23":"tag-societe","24":"tag-soiree","25":"tag-spectacle","26":"tag-strasbourg","27":"tag-strasbourg-ville","28":"tag-vie-associative"},"share_on_mastodon":{"url":"https:\/\/pubeurope.com\/@fr\/115079306511862856","error":""},"_links":{"self":[{"href":"https:\/\/www.europesays.com\/fr\/wp-json\/wp\/v2\/posts\/338983","targetHints":{"allow":["GET"]}}],"collection":[{"href":"https:\/\/www.europesays.com\/fr\/wp-json\/wp\/v2\/posts"}],"about":[{"href":"https:\/\/www.europesays.com\/fr\/wp-json\/wp\/v2\/types\/post"}],"author":[{"embeddable":true,"href":"https:\/\/www.europesays.com\/fr\/wp-json\/wp\/v2\/users\/2"}],"replies":[{"embeddable":true,"href":"https:\/\/www.europesays.com\/fr\/wp-json\/wp\/v2\/comments?post=338983"}],"version-history":[{"count":0,"href":"https:\/\/www.europesays.com\/fr\/wp-json\/wp\/v2\/posts\/338983\/revisions"}],"wp:featuredmedia":[{"embeddable":true,"href":"https:\/\/www.europesays.com\/fr\/wp-json\/wp\/v2\/media\/338984"}],"wp:attachment":[{"href":"https:\/\/www.europesays.com\/fr\/wp-json\/wp\/v2\/media?parent=338983"}],"wp:term":[{"taxonomy":"category","embeddable":true,"href":"https:\/\/www.europesays.com\/fr\/wp-json\/wp\/v2\/categories?post=338983"},{"taxonomy":"post_tag","embeddable":true,"href":"https:\/\/www.europesays.com\/fr\/wp-json\/wp\/v2\/tags?post=338983"}],"curies":[{"name":"wp","href":"https:\/\/api.w.org\/{rel}","templated":true}]}}