{"id":338985,"date":"2025-08-23T17:40:11","date_gmt":"2025-08-23T17:40:11","guid":{"rendered":"https:\/\/www.europesays.com\/fr\/338985\/"},"modified":"2025-08-23T17:40:11","modified_gmt":"2025-08-23T17:40:11","slug":"je-voulais-revoir-la-mer-les-petits-freres-des-pauvres-dalsace-emmenent-des-personnes-agees-isolees-en-vacances","status":"publish","type":"post","link":"https:\/\/www.europesays.com\/fr\/338985\/","title":{"rendered":"\u00ab\u00a0Je voulais revoir la mer\u00a0\u00bb: les petits fr\u00e8res des pauvres d&rsquo;Alsace emm\u00e8nent des personnes \u00e2g\u00e9es isol\u00e9es en vacances"},"content":{"rendered":"<p>Comme chaque ann\u00e9e, les petits fr\u00e8res des pauvres d&rsquo;Alsace vont emmener des personnes \u00e2g\u00e9es isol\u00e9es et souvent en situation de pr\u00e9carit\u00e9 en vacances. A Strasbourg, un groupe va partir le 25 ao\u00fbt direction La Seyne sur mer. <\/p>\n<p>Cette ann\u00e9e encore,\u00a0<a target=\"_blank\" rel=\"nofollow noopener noreferrer\" class=\"IciLink ici-link IciArticleLink g-ici-body-regular-1 underline brand svelte-lu7k6w\" href=\"https:\/\/www.petitsfreresdespauvres.fr\/sinformer\/actualites\/envie-de-campagne-de-plage-decouvrez-votre-maison-de-vacances-petits-freres-des-pauvres-ideale\/\">les petits fr\u00e8res des pauvres<\/a>\u00a0organisent des vacances d&rsquo;\u00e9t\u00e9 pour des personnes \u00e2g\u00e9es isol\u00e9es. Plus de 3.000 personnes au total vont profiter d&rsquo;un s\u00e9jour \u00e0 prix symbolique en France, gr\u00e2ce \u00e0 l&rsquo;association. Surtout des personnes \u00e2g\u00e9es tr\u00e8s pr\u00e9caires, et souvent malades.<\/p>\n<p>Un groupe va d&rsquo;ailleurs partir d&rsquo;Alsace le lundi 25 ao\u00fbt pour rejoindre la Seyne sur Mer, dans le Var. Avec six accompagnateurs, huit personnes \u00e2g\u00e9es modestes du secteur de Strasbourg <strong>\u00e2g\u00e9es de 69 \u00e0 89 ans<\/strong> et souvent porteuses de pathologies vont profiter de la mer. C&rsquo;est le cas de Lise, 69 ans, habitante de Cronenbourg, qui n&rsquo;\u00e9tait pas partie en vacances depuis bien longtemps.<\/p>\n<p><img loading=\"lazy\" decoding=\"async\" class=\"VisualPreview svelte-1rldrkz\" src=\"data:image\/jpeg;base64,\/9j\/2wBDACgcHiMeGSgjISMtKygwPGRBPDc3PHtYXUlkkYCZlo+AjIqgtObDoKrarYqMyP\/L2u71\/\/\/\/m8H\/\/\/\/6\/+b9\/\/j\/2wBDASstLTw1PHZBQXb4pYyl+Pj4+Pj4+Pj4+Pj4+Pj4+Pj4+Pj4+Pj4+Pj4+Pj4+Pj4+Pj4+Pj4+Pj4+Pj4+Pj4+Pj\/wAARCAASACoDASIAAhEBAxEB\/8QAFwABAQEBAAAAAAAAAAAAAAAAAgABA\/\/EABgQAQEBAQEAAAAAAAAAAAAAAAABAhIR\/8QAFgEBAQEAAAAAAAAAAAAAAAAAAAEC\/8QAFxEBAQEBAAAAAAAAAAAAAAAAABEBEv\/aAAwDAQACEQMRAD8AMpzTj6UpUduhtGVqUHQOljOTogKJAUOJMarUkiv\/2Q==\" alt=\"La villa de la Seyne sur mer o\u00f9 partent les b\u00e9n\u00e9ficiaires\" width=\"600\" height=\"269\"\/>  La villa de la Seyne sur mer o\u00f9 partent les b\u00e9n\u00e9ficiaires  &#8211; Petits fr\u00e8res des pauvres<\/p>\n<p>\u00ab\u00a0C&rsquo;est la premi\u00e8re fois depuis une bonne dizaine d&rsquo;ann\u00e9es. Parce que je n&rsquo;ai pas les moyens et je vis seule, donc c&rsquo;est compliqu\u00e9. On vous fait peu de propositions quand vous avez la maladie en toile de fond\u00a0\u00bb dit-elle, impatiente de rejoindre la mer. \u00ab\u00a0Voir la mer, c&rsquo;est quelque chose que je souhaitais revoir encore une fois au moins. Donc quand on m&rsquo;a propos\u00e9 ce s\u00e9jour, j&rsquo;ai dit oui tout de site. On est tr\u00e8s encadr\u00e9s, donc je n&rsquo;ai pas peur, on m&rsquo;accepte comme je suis, avec mes soucis de sant\u00e9\u00a0\u00bb explique-t-elle.<\/p>\n<p>Durant leurs vacances, Lise et les autres personnes b\u00e9n\u00e9ficiaires vont b\u00e9n\u00e9ficier d&rsquo;un programme all\u00e9chant\u00a0: \u00ab\u00a0On va les emmener en bateau pour aller \u00e0 Toulon. Ensuite ils pourront s&rsquo;ils le souhaitent visiter la rade. Il y a aussi la plage adapt\u00e9e aux personnes en situation de handicap\u00a0\u00bb explique Catherine Haenel, responsable d&rsquo;\u00e9quipe des petits fr\u00e8res des pauvres \u00e0 Strasbourg ouest. La villa, elle, est enti\u00e8rement pens\u00e9e pour accueillir ces personnes \u00e2g\u00e9es. \u00ab\u00a0Ce sont des maisons pour les personnes \u00e0 mobilit\u00e9 r\u00e9duite. Il y a une chambre individuelle, une salle de bain adapt\u00e9e avec des douches \u00e0 l&rsquo;italienne. On mange bien, avec un cuisinier aux petits soins. Il y a de tr\u00e8s bonnes tomates, des figues ramass\u00e9es juste \u00e0 c\u00f4t\u00e9, et on respecte les r\u00e9gimes alimentaires sp\u00e9cifiques en fonction des pathologies\u00a0\u00bb d\u00e9taille-t-elle.<\/p>\n<p>Parler et \u00e9changer<\/p>\n<p>De quoi se socialiser, aussi. \u00ab\u00a0On se rend compte que des liens particuliers se cr\u00e9ent au moment des vacances puisque les gens se voient de 8h du matin \u00e0 22h, se poussent dans l&rsquo;eau, chahutent un peu, partagent des jeux de soci\u00e9t\u00e9, mais aussi des soucis. Parce que quand on est \u00e2g\u00e9 et en situation de pr\u00e9carit\u00e9, l&rsquo;\u00e9coute des b\u00e9n\u00e9voles c&rsquo;est bien, mais l&rsquo;\u00e9coute de ses pairs et se rendre compte que l&rsquo;on est pas tout seul, cela les r\u00e9conforte \u00e9galement\u00a0\u00bb explique la b\u00e9n\u00e9vole.<\/p>\n<p>Le groupe de 8 personnes \u00e2g\u00e9es alsaciennes reviendra le 2 septembre en Alsace. Pour les plus pr\u00e9caires, le s\u00e9jour de 9 jours revient \u00e0 24 euros seulement, mais cela peut aller jusqu&rsquo;\u00e0 environ 450 euros.<\/p>\n<p>Sinon, vous pouvez aussi envoyer\u00a0<a target=\"_blank\" rel=\"nofollow noopener noreferrer\" class=\"IciLink ici-link IciArticleLink g-ici-body-regular-1 underline brand svelte-lu7k6w\" href=\"https:\/\/cartes.petitsfreresdespauvres.fr\/\">des cartes postales<\/a>\u00a0\u00e0 des personnes isol\u00e9es via le site des petits fr\u00e8res des pauvres. C&rsquo;est gratuit et \u00e7a fait plaisir.<\/p>\n","protected":false},"excerpt":{"rendered":"Comme chaque ann\u00e9e, les petits fr\u00e8res des pauvres d&rsquo;Alsace vont emmener des personnes \u00e2g\u00e9es isol\u00e9es et souvent en&hellip;\n","protected":false},"author":2,"featured_media":338986,"comment_status":"","ping_status":"","sticky":false,"template":"","format":"standard","meta":{"footnotes":""},"categories":[2820],"tags":[1111,11,1777,674,1011,27,775,12,25,640],"class_list":{"0":"post-338985","1":"post","2":"type-post","3":"status-publish","4":"format-standard","5":"has-post-thumbnail","7":"category-strasbourg","8":"tag-actu","9":"tag-actualites","10":"tag-eu","11":"tag-europe","12":"tag-fr","13":"tag-france","14":"tag-grand-est","15":"tag-news","16":"tag-republique-francaise","17":"tag-strasbourg"},"share_on_mastodon":{"url":"https:\/\/pubeurope.com\/@fr\/115079310427670401","error":""},"_links":{"self":[{"href":"https:\/\/www.europesays.com\/fr\/wp-json\/wp\/v2\/posts\/338985","targetHints":{"allow":["GET"]}}],"collection":[{"href":"https:\/\/www.europesays.com\/fr\/wp-json\/wp\/v2\/posts"}],"about":[{"href":"https:\/\/www.europesays.com\/fr\/wp-json\/wp\/v2\/types\/post"}],"author":[{"embeddable":true,"href":"https:\/\/www.europesays.com\/fr\/wp-json\/wp\/v2\/users\/2"}],"replies":[{"embeddable":true,"href":"https:\/\/www.europesays.com\/fr\/wp-json\/wp\/v2\/comments?post=338985"}],"version-history":[{"count":0,"href":"https:\/\/www.europesays.com\/fr\/wp-json\/wp\/v2\/posts\/338985\/revisions"}],"wp:featuredmedia":[{"embeddable":true,"href":"https:\/\/www.europesays.com\/fr\/wp-json\/wp\/v2\/media\/338986"}],"wp:attachment":[{"href":"https:\/\/www.europesays.com\/fr\/wp-json\/wp\/v2\/media?parent=338985"}],"wp:term":[{"taxonomy":"category","embeddable":true,"href":"https:\/\/www.europesays.com\/fr\/wp-json\/wp\/v2\/categories?post=338985"},{"taxonomy":"post_tag","embeddable":true,"href":"https:\/\/www.europesays.com\/fr\/wp-json\/wp\/v2\/tags?post=338985"}],"curies":[{"name":"wp","href":"https:\/\/api.w.org\/{rel}","templated":true}]}}