{"id":338989,"date":"2025-08-23T17:42:17","date_gmt":"2025-08-23T17:42:17","guid":{"rendered":"https:\/\/www.europesays.com\/fr\/338989\/"},"modified":"2025-08-23T17:42:17","modified_gmt":"2025-08-23T17:42:17","slug":"nice-des-travaux-dans-les-ecoles-cet-ete","status":"publish","type":"post","link":"https:\/\/www.europesays.com\/fr\/338989\/","title":{"rendered":"NICE : Des travaux dans les \u00e9coles cet \u00e9t\u00e9"},"content":{"rendered":"<p><strong>Christian Estrosi, Maire de Nice, a visit\u00e9 l\u2019\u00e9cole maternelle Le Chalet des Roses, accompagn\u00e9 de Jean-Luc Gagliolo et Pierre Fiori, pour dresser le bilan des travaux estivaux men\u00e9s dans 69 \u00e9coles.<\/strong><br \/>Christian Estrosi, Maire de Nice, Pr\u00e9sident de la M\u00e9tropole Nice C\u00f4te d\u2019Azur, Pr\u00e9sident d\u00e9l\u00e9gu\u00e9 de la R\u00e9gion Provence-Alpes-C\u00f4te d\u2019Azur, a visit\u00e9 l\u2019\u00e9cole maternelle Le Chalet des Roses. L\u2019\u00e9tablissement a b\u00e9n\u00e9fici\u00e9 cet \u00e9t\u00e9 de nombreux travaux, notamment le changement des huisseries, la v\u00e9g\u00e9talisation et la perm\u00e9abilisation compl\u00e8te de la cour de l\u2019\u00e9cole, ainsi que la r\u00e9novation du dojo. Il \u00e9tait accompagn\u00e9 de Jean-Luc Gagliolo, Adjoint d\u00e9l\u00e9gu\u00e9 \u00e0 l\u2019\u00c9ducation, \u00e0 la Culture \u00e0 l\u2019\u00e9cole, au Livre, \u00e0 la Lutte contre l\u2019illettrisme, \u00e0 l\u2019Identit\u00e9 ni\u00e7oise et aux Loisirs pour tous, et de Pierre Fiori, Conseiller municipal d\u00e9l\u00e9gu\u00e9 aux B\u00e2timents communaux, subd\u00e9l\u00e9gu\u00e9 aux travaux dans les \u00e9coles, \u00e0 la citoyennet\u00e9 \u00e0 l\u2019\u00e9cole et aux AnimaNice.<\/p>\n<p><strong>Bilan des travaux estivaux<\/strong><\/p>\n<p>\u00c0 quelques jours de la rentr\u00e9e scolaire, le Maire de Nice a profit\u00e9 de cette visite pour dresser le bilan des travaux estivaux men\u00e9s dans 69 \u00e9coles, soit 90 op\u00e9rations. Les directions des b\u00e2timents communaux, de l\u2019\u00e9ducation et des espaces verts de la Ville de Nice ont profit\u00e9 de la pause scolaire pour poursuivre la r\u00e9novation, l\u2019embellissement et la transformation des \u00e9coles publiques. L\u2019investissement de pr\u00e8s de\u00a0<strong>3,6 millions d\u2019euros<\/strong>\u00a0cet \u00e9t\u00e9, dont plus de\u00a0<strong>1,2 millions d\u2019euros<\/strong>\u00a0pour l\u2019adaptation des \u00e9quipements au changement climatique, t\u00e9moigne de l\u2019engagement de la municipalit\u00e9 pour la jeunesse ni\u00e7oise.<\/p>\n<p><strong>Distribution de fournitures scolaires<\/strong><\/p>\n<p>Par ailleurs, Christian Estrosi a rappel\u00e9 que chaque \u00e9l\u00e8ve des \u00e9coles \u00e9l\u00e9mentaires publiques et priv\u00e9es sous contrat a re\u00e7u, avant les vacances scolaires d\u2019\u00e9t\u00e9, un trousseau de fournitures scolaires gratuites. Une mesure pour faciliter le pouvoir d\u2019achat des familles.\u00a0<strong>22 000 kits<\/strong>\u00a0ont \u00e9t\u00e9 remis.<\/p>\n<p><strong>Christian Estrosi, Maire de Nice, Pr\u00e9sident de la M\u00e9tropole Nice C\u00f4te d\u2019Azur, Pr\u00e9sident d\u00e9l\u00e9gu\u00e9 de la R\u00e9gion Provence-Alpes-C\u00f4te d\u2019Azur :<\/strong>\u00a0\u00ab\u00a0En remettant ce trousseau de fournitures scolaires aux \u00e9l\u00e8ves des \u00e9coles \u00e9l\u00e9mentaires, j\u2019ai souhait\u00e9 soulager le budget des familles pour la rentr\u00e9e. Cette initiative s\u2019inscrit dans la continuit\u00e9 de notre engagement en faveur du pouvoir d\u2019achat, apr\u00e8s la mise en place de la gratuit\u00e9 des transports en commun pour les moins de 11 ans depuis le 1er juillet. Au-del\u00e0 de l\u2019aspect financier, cette mesure vise \u00e0 garantir l\u2019\u00e9galit\u00e9 des chances. Gr\u00e2ce \u00e0 ce trousseau, chaque enfant peut commencer l\u2019ann\u00e9e scolaire sur un pied d\u2019\u00e9galit\u00e9 \u00bb.<\/p>\n<p><strong>Contenu du trousseau de fournitures scolaires :<\/strong><\/p>\n<p>\u2013 1 sac en toile synth\u00e9tique rouge et noir<br \/>\u2013 1 r\u00e8gle de 20 cm<br \/>\u2013 3 stylos<br \/>\u2013 2 crayons gris HB<br \/>\u2013 1 gomme<br \/>\u2013 1 taille crayon avec r\u00e9serve<br \/>\u2013 2 b\u00e2tons de colle<br \/>\u2013 1 \u00e9tui de 12 crayons de couleur<br \/>\u2013 1 \u00e9tui de 12 feutres de couleurs<br \/>\u2013 1 ardoise effa\u00e7able<br \/>\u2013 2 feutres pour ardoise effa\u00e7able<\/p>\n","protected":false},"excerpt":{"rendered":"Christian Estrosi, Maire de Nice, a visit\u00e9 l\u2019\u00e9cole maternelle Le Chalet des Roses, accompagn\u00e9 de Jean-Luc Gagliolo et&hellip;\n","protected":false},"author":2,"featured_media":338990,"comment_status":"","ping_status":"","sticky":false,"template":"","format":"standard","meta":{"footnotes":""},"categories":[2819],"tags":[1111,11,1777,674,1011,27,12,2401,882,25],"class_list":{"0":"post-338989","1":"post","2":"type-post","3":"status-publish","4":"format-standard","5":"has-post-thumbnail","7":"category-nice","8":"tag-actu","9":"tag-actualites","10":"tag-eu","11":"tag-europe","12":"tag-fr","13":"tag-france","14":"tag-news","15":"tag-nice","16":"tag-provence-alpes-cote-dazur","17":"tag-republique-francaise"},"share_on_mastodon":{"url":"https:\/\/pubeurope.com\/@fr\/115079318401523687","error":""},"_links":{"self":[{"href":"https:\/\/www.europesays.com\/fr\/wp-json\/wp\/v2\/posts\/338989","targetHints":{"allow":["GET"]}}],"collection":[{"href":"https:\/\/www.europesays.com\/fr\/wp-json\/wp\/v2\/posts"}],"about":[{"href":"https:\/\/www.europesays.com\/fr\/wp-json\/wp\/v2\/types\/post"}],"author":[{"embeddable":true,"href":"https:\/\/www.europesays.com\/fr\/wp-json\/wp\/v2\/users\/2"}],"replies":[{"embeddable":true,"href":"https:\/\/www.europesays.com\/fr\/wp-json\/wp\/v2\/comments?post=338989"}],"version-history":[{"count":0,"href":"https:\/\/www.europesays.com\/fr\/wp-json\/wp\/v2\/posts\/338989\/revisions"}],"wp:featuredmedia":[{"embeddable":true,"href":"https:\/\/www.europesays.com\/fr\/wp-json\/wp\/v2\/media\/338990"}],"wp:attachment":[{"href":"https:\/\/www.europesays.com\/fr\/wp-json\/wp\/v2\/media?parent=338989"}],"wp:term":[{"taxonomy":"category","embeddable":true,"href":"https:\/\/www.europesays.com\/fr\/wp-json\/wp\/v2\/categories?post=338989"},{"taxonomy":"post_tag","embeddable":true,"href":"https:\/\/www.europesays.com\/fr\/wp-json\/wp\/v2\/tags?post=338989"}],"curies":[{"name":"wp","href":"https:\/\/api.w.org\/{rel}","templated":true}]}}