{"id":338991,"date":"2025-08-23T17:43:26","date_gmt":"2025-08-23T17:43:26","guid":{"rendered":"https:\/\/www.europesays.com\/fr\/338991\/"},"modified":"2025-08-23T17:43:26","modified_gmt":"2025-08-23T17:43:26","slug":"la-foule-des-grands-jours-attendue-a-la-fete-de-la-saint-barthelemy-pres-de-nantes","status":"publish","type":"post","link":"https:\/\/www.europesays.com\/fr\/338991\/","title":{"rendered":"La foule des grands jours attendue \u00e0 la f\u00eate de la Saint-Barth\u00e9l\u00e9my, pr\u00e8s de Nantes"},"content":{"rendered":"<p>            Par<br \/>\n        <strong><br \/>\n            <a href=\"https:\/\/actu.fr\/auteur\/journaliste-sm\" title=\"Consulter tous les articles de R\u00e9daction Clisson\" target=\"_blank\" rel=\"noopener\">R\u00e9daction Clisson<\/a><br \/>\n        <\/strong><\/p>\n<p>        Publi\u00e9 le<\/p>\n<p>            22 ao\u00fbt 2025 \u00e0 12h17        <\/p>\n<p>De la mise en place des barnums tables et bancs, des dizaines de barri\u00e8res de s\u00e9curit\u00e9 de spectateurs lors du feu d\u2019artifice en passant par l\u2019installation de la sc\u00e8ne pour les deux concerts ainsi que la pr\u00e9paration du repas et la d\u00e9limitation des emplacements pour le <b>vide-greniers du dimanche<\/b>, voil\u00e0 l\u2019esquisse du programme de cette derni\u00e8re ligne droite pour les 45 b\u00e9n\u00e9voles du comit\u00e9 des f\u00eates de <a href=\"https:\/\/actu.fr\/pays-de-la-loire\/saint-julien-de-concelles_44169\" target=\"_blank\" rel=\"noopener\">Saint-Julien-de-Concelles<\/a> (pr\u00e8s de Nantes) avant le d\u00e9but d\u2019un grand week-end festif attendu chaque ann\u00e9e de pied ferme par les Concellois (se) ainsi que les habitants des communes environnantes.<\/p>\n<p>    <a href=\"https:\/\/maps.google.com\/maps?q=47.2512169,-1.3715211&amp;z=15&amp;output=embed\" title=\"Ouvrie le lien\" target=\"_blank\" rel=\"noopener\">Cliquez ici pour visualiser le contenu<\/a><\/p>\n<p>\u00ab\u00a0Beaucoup plus de man\u00e8ges\u00a0\u00bb \u00e0 la f\u00eate foraine<\/p>\n<p class=\" wall-content\">Les <b>festivit\u00e9s de la Saint-Barth\u00e9l\u00e9my <\/b>commenceront un peu avant ce week-end avec une dizaine de man\u00e8ges d\u00e9j\u00e0 positionn\u00e9s non loin du th\u00e9\u00e2tre de verdure.<\/p>\n<p class=\" wall-content\">\u00ab\u00a0Nous attendons beaucoup plus de man\u00e8ges pour petits et grands que l\u2019ann\u00e9e derni\u00e8re \u00bb, indique Pierre Agasse, pr\u00e9sident du comit\u00e9 des f\u00eates.<\/p>\n<p class=\" wall-content\">Les b\u00e9n\u00e9voles de l\u2019association accueilleront le public d\u00e8s 19 h <b>le samedi 23 ao\u00fbt <\/b>pour un d\u00eener festif avec au menu cochon-mogettes, fromage et dessert.<\/p>\n<p>Vid\u00e9os : en ce moment sur Actu<\/p>\n<p class=\" wall-content\">Ce d\u00eener sera suivi de deux concerts donn\u00e9s par les groupes Black Pickles et Les Rescap\u00e9s. Un<b> feu d\u2019artifice <\/b>\u00e0 23 h s\u2019intercalera entre les deux groupes de musiciens.<\/p>\n<p>230\u00a0exposants au vide-greniers<\/p>\n<p class=\" wall-content\">Le dimanche 24 ao\u00fbt, de 8 h \u00e0 18 h, place \u00e0 une journ\u00e9e familiale et un <b>vide-greniers<\/b> pour les passionn\u00e9s ou les curieux.<\/p>\n<p>Votre r\u00e9gion, votre actu !<\/p>\n<p>Recevez chaque jour les infos qui comptent pour vous.<\/p>\n<p>\t<a href=\"https:\/\/actu.fr\/newsletter\" class=\"ac-btn ac-btn--corner ac-btn--medium ac-btn--blue800\" target=\"_blank\" rel=\"noopener\">S&rsquo;incrire<\/a><\/p>\n<blockquote class=\"ac-article-quote wall-content\">\n<p>Nous attendons environ 230 exposants pour cette journ\u00e9e du dimanche. Nous esp\u00e9rons accueillir sur cet avant-dernier week-end avant la rentr\u00e9e scolaire autant de spectateurs que l\u2019ann\u00e9e derni\u00e8re, o\u00f9 nous avons battu des records avec notamment 4 000 visiteurs le samedi, 1 000 pour le vide-greniers et plus de 600 kg de frites !<\/p>\n<p>Pierre Agasse, le pr\u00e9sident du comit\u00e9 des f\u00eates de Saint-Julien-de-Concelles<\/p><\/blockquote>\n<p>R\u00e9servation conseill\u00e9e pour le repas du samedi 23\u00a0ao\u00fbt au 06 72 27 98 69 et sur HelloAsso pour le vide-greniers (emplacement 15\u00a0\u20ac). Restauration et buvette sur place.<\/p>\n<p class=\" wall-content\">Personnalisez votre actualit\u00e9 en ajoutant vos villes et m\u00e9dias en favori avec <a href=\"https:\/\/moncompte.actu.fr\" title=\"D\u00e9couvez Mon Actu\" rel=\"nofollow noopener\" data-trk=\"{&quot;cta&quot;:{&quot;action&quot;:&quot;https:\\\/\\\/moncompte.actu.fr&quot;,&quot;category&quot;:&quot;mon compte&quot;,&quot;from&quot;:&quot;article footer&quot;,&quot;name&quot;:&quot;Mon actu&quot;,&quot;type&quot;:&quot;cta&quot;}}\" target=\"_blank\">Mon Actu<\/a>.<\/p>\n","protected":false},"excerpt":{"rendered":"Par R\u00e9daction Clisson Publi\u00e9 le 22 ao\u00fbt 2025 \u00e0 12h17 De la mise en place des barnums tables&hellip;\n","protected":false},"author":2,"featured_media":338992,"comment_status":"","ping_status":"","sticky":false,"template":"","format":"standard","meta":{"footnotes":""},"categories":[2818],"tags":[1111,11,1777,674,11501,1011,27,1652,766,12,2636,25,2900],"class_list":{"0":"post-338991","1":"post","2":"type-post","3":"status-publish","4":"format-standard","5":"has-post-thumbnail","7":"category-nantes","8":"tag-actu","9":"tag-actualites","10":"tag-eu","11":"tag-europe","12":"tag-fete-foraine","13":"tag-fr","14":"tag-france","15":"tag-loisirs-culture","16":"tag-nantes","17":"tag-news","18":"tag-pays-de-la-loire","19":"tag-republique-francaise","20":"tag-vignoble-nantais"},"share_on_mastodon":{"url":"https:\/\/pubeurope.com\/@fr\/115079322225388137","error":""},"_links":{"self":[{"href":"https:\/\/www.europesays.com\/fr\/wp-json\/wp\/v2\/posts\/338991","targetHints":{"allow":["GET"]}}],"collection":[{"href":"https:\/\/www.europesays.com\/fr\/wp-json\/wp\/v2\/posts"}],"about":[{"href":"https:\/\/www.europesays.com\/fr\/wp-json\/wp\/v2\/types\/post"}],"author":[{"embeddable":true,"href":"https:\/\/www.europesays.com\/fr\/wp-json\/wp\/v2\/users\/2"}],"replies":[{"embeddable":true,"href":"https:\/\/www.europesays.com\/fr\/wp-json\/wp\/v2\/comments?post=338991"}],"version-history":[{"count":0,"href":"https:\/\/www.europesays.com\/fr\/wp-json\/wp\/v2\/posts\/338991\/revisions"}],"wp:featuredmedia":[{"embeddable":true,"href":"https:\/\/www.europesays.com\/fr\/wp-json\/wp\/v2\/media\/338992"}],"wp:attachment":[{"href":"https:\/\/www.europesays.com\/fr\/wp-json\/wp\/v2\/media?parent=338991"}],"wp:term":[{"taxonomy":"category","embeddable":true,"href":"https:\/\/www.europesays.com\/fr\/wp-json\/wp\/v2\/categories?post=338991"},{"taxonomy":"post_tag","embeddable":true,"href":"https:\/\/www.europesays.com\/fr\/wp-json\/wp\/v2\/tags?post=338991"}],"curies":[{"name":"wp","href":"https:\/\/api.w.org\/{rel}","templated":true}]}}