{"id":338999,"date":"2025-08-23T17:48:13","date_gmt":"2025-08-23T17:48:13","guid":{"rendered":"https:\/\/www.europesays.com\/fr\/338999\/"},"modified":"2025-08-23T17:48:13","modified_gmt":"2025-08-23T17:48:13","slug":"toulouse-brest-les-compos-probables-avec-joris-chotard-dans-le-groupe","status":"publish","type":"post","link":"https:\/\/www.europesays.com\/fr\/338999\/","title":{"rendered":"Toulouse &#8211; Brest\u00a0: les compos probables avec Joris Chotard dans le groupe\u00a0?"},"content":{"rendered":"<p>Pour son premier d\u00e9placement de la saison, Brest va retrouver Toulouse et le Stadium, th\u00e9\u00e2tre de la qualification de la Ligue des champions, il y a moins d\u2019un an et demi. Une \u00e9quipe qui lui r\u00e9ussit plut\u00f4t bien puisque les Brestois n\u2019ont plus perdu contre Toulouse depuis mars 2013. Pour faire perdurer cette invincibilit\u00e9, <a href=\"https:\/\/www.letelegramme.fr\/sports\/football\/stade-brestois\/toulouse-brest-un-groupe-toujours-reduit-mais-au-complet-pour-la-deuxieme-journee-de-ligue-1-6874793.php\" target=\"_blank\" rel=\"noopener\">\u00c9ric Roy dispose d\u2019un groupe au complet<\/a>, le m\u00eame que la semaine derni\u00e8re, peu ou prou. Dans la journ\u00e9e de samedi, le Stade Brestois a officialis\u00e9 la venue de Joris Chotard, qui est du voyage en Occitanie avec le groupe. Si son contrat est bien homologu\u00e9 par la Ligue nationale, il pourrait figurer sur la feuille de match, dimanche apr\u00e8s-midi.<\/p>\n<p>Sidib\u00e9 capitaine au T\u00e9f\u00e9c\u00e9<\/p>\n<p>Les Toulousains, vainqueur de Nice pour le premier match, apr\u00e8s une pr\u00e9paration compliqu\u00e9e (0 victoire), partiront dans un 3-4-3. De retour de suspension, Toulouse pourra compter sur son milieu de terrain Casseres, qui pourrait retrouver sa place de titulaire. Le champion du monde fran\u00e7ais Djibril Sidib\u00e9, nouveau capitaine des Violets devrait \u00e9galement \u00eatre align\u00e9 dans la d\u00e9fense \u00e0 trois. Le coach Carles Martinez Novell est priv\u00e9 de Schmidt, Francis et Messali, bless\u00e9s.<\/p>\n<p>Les compos probables<\/p>\n<p class=\"tech\"><strong class=\"tech\">TOULOUSE. <\/strong>Restes &#8211; Sidib\u00e9 (cap.), Cresswell, McKenzie \u2013 Donnum, Sauer, Casseres, Methalie &#8211; Edjouma, Magri, Gboho. Rempla\u00e7ants\u00a0: Dominguez (g.), Haug (g.), Nicolaisen, Kamanzi, Koumbassa, Canvot, Saka, Vossah, Vignolo, Hidalgo. \ufeffPrincipaux absents\u00a0: Schmidt, Francis, Messali (bless\u00e9s). Entra\u00eeneur\u00a0: Carles Martinez Novell.<\/p>\n<p class=\"tech\"><strong class=\"tech\">BREST.<\/strong> Majecki \u2013 Lala, Chardonnet (cap.), Le Cardinal ou Diaz, Locko \u2013 Doumbia, Lees-Melou, Magnetti \u2013 Del Castillo, Ajorque, Bald\u00e9. Rempla\u00e7ants \u00e0 choisir parmi\u00a0: Coudert (g.), Jauny (g.), Bourgault, Le Cardinal ou Diaz, Zogb\u00e9, Le Guen, Mbock, Makalou, Chotard\u00a0?, Camblan, Diop, Kant\u00e9. Entra\u00eeneur\u00a0: \u00c9ric Roy.<\/p>\n","protected":false},"excerpt":{"rendered":"Pour son premier d\u00e9placement de la saison, Brest va retrouver Toulouse et le Stadium, th\u00e9\u00e2tre de la qualification&hellip;\n","protected":false},"author":2,"featured_media":339000,"comment_status":"","ping_status":"","sticky":false,"template":"","format":"standard","meta":{"footnotes":""},"categories":[2816],"tags":[1111,11,3450,3166,1777,674,63,1011,27,66,12,2680,25,60,4449,2312],"class_list":{"0":"post-338999","1":"post","2":"type-post","3":"status-publish","4":"format-standard","5":"has-post-thumbnail","7":"category-toulouse","8":"tag-actu","9":"tag-actualites","10":"tag-brest","11":"tag-en-continu-sports","12":"tag-eu","13":"tag-europe","14":"tag-football","15":"tag-fr","16":"tag-france","17":"tag-ligue-1","18":"tag-news","19":"tag-occitanie","20":"tag-republique-francaise","21":"tag-sports","22":"tag-stade-brestois","23":"tag-toulouse"},"share_on_mastodon":{"url":"https:\/\/pubeurope.com\/@fr\/115079341892232712","error":""},"_links":{"self":[{"href":"https:\/\/www.europesays.com\/fr\/wp-json\/wp\/v2\/posts\/338999","targetHints":{"allow":["GET"]}}],"collection":[{"href":"https:\/\/www.europesays.com\/fr\/wp-json\/wp\/v2\/posts"}],"about":[{"href":"https:\/\/www.europesays.com\/fr\/wp-json\/wp\/v2\/types\/post"}],"author":[{"embeddable":true,"href":"https:\/\/www.europesays.com\/fr\/wp-json\/wp\/v2\/users\/2"}],"replies":[{"embeddable":true,"href":"https:\/\/www.europesays.com\/fr\/wp-json\/wp\/v2\/comments?post=338999"}],"version-history":[{"count":0,"href":"https:\/\/www.europesays.com\/fr\/wp-json\/wp\/v2\/posts\/338999\/revisions"}],"wp:featuredmedia":[{"embeddable":true,"href":"https:\/\/www.europesays.com\/fr\/wp-json\/wp\/v2\/media\/339000"}],"wp:attachment":[{"href":"https:\/\/www.europesays.com\/fr\/wp-json\/wp\/v2\/media?parent=338999"}],"wp:term":[{"taxonomy":"category","embeddable":true,"href":"https:\/\/www.europesays.com\/fr\/wp-json\/wp\/v2\/categories?post=338999"},{"taxonomy":"post_tag","embeddable":true,"href":"https:\/\/www.europesays.com\/fr\/wp-json\/wp\/v2\/tags?post=338999"}],"curies":[{"name":"wp","href":"https:\/\/api.w.org\/{rel}","templated":true}]}}