{"id":339001,"date":"2025-08-23T17:50:12","date_gmt":"2025-08-23T17:50:12","guid":{"rendered":"https:\/\/www.europesays.com\/fr\/339001\/"},"modified":"2025-08-23T17:50:12","modified_gmt":"2025-08-23T17:50:12","slug":"le-groupe-de-las-monaco-pour-le-choc-en-deplacement-a-lille","status":"publish","type":"post","link":"https:\/\/www.europesays.com\/fr\/339001\/","title":{"rendered":"Le groupe de l\u2019AS Monaco pour le choc en d\u00e9placement \u00e0 Lille"},"content":{"rendered":"<p>\n                Voici la liste des joueurs retenus par le coach Adi H\u00fctter pour l\u2019affiche de la 2e journ\u00e9e de Ligue 1 McDonald\u2019s face au LOSC, programm\u00e9e ce dimanche soir \u00e0 la Decathlon Arena &#8211; stade Pierre-Mauroy (20h45).\n            <\/p>\n<p>Un choc d\u2019entr\u00e9e face \u00e0 un concurrent direct. Alors qu\u2019ils ont r\u00e9ussi leur entr\u00e9e en lice dans cette saison 2025-2026 avec <a href=\"https:\/\/www.asmonaco.com\/applique-face-au-havre-las-monaco-tient-sa-1100e-victoire-en-ligue-1\/\" target=\"_blank\" rel=\"noopener nofollow\">un succ\u00e8s logique acquis face au Havre<\/a> \u00e0 l\u2019occasion de la 1\u00e8re journ\u00e9e de Ligue 1 McDonald\u2019s (3-1), les Rouge et Blanc remettent le couvert, mais \u00e0 l\u2019ext\u00e9rieur cette fois. Ces derniers ont en effet <a href=\"https:\/\/www.asmonaco.com\/priorite-dachat-acces-prix-les-infos-deplacement-pour-lille\/\" target=\"_blank\" rel=\"noopener nofollow\">rendez-vous \u00e0 Lille ce dimanche<\/a> (20h45), pour le choc du deuxi\u00e8me acte de l\u2019\u00e9lite.<\/p>\n<blockquote class=\"twitter-tweet\" data-width=\"550\" data-dnt=\"true\">\n<p lang=\"fr\" dir=\"ltr\">\ud835\ude15\ud835\ude26\ud835\ude39\ud835\ude35 \ud835\ude14\ud835\ude22\ud835\ude35\ud835\ude24\ud835\ude29 \u2728<\/p>\n<p>\ud83c\udd9a <a href=\"https:\/\/twitter.com\/losclive?ref_src=twsrc%5Etfw\" rel=\"nofollow noopener\" target=\"_blank\">@losclive<\/a> <br \/>\ud83c\udfc6 <a href=\"https:\/\/twitter.com\/Ligue1?ref_src=twsrc%5Etfw\" rel=\"nofollow noopener\" target=\"_blank\">@Ligue1<\/a><br \/>\ud83d\udcc5 Dimanche 24 ao\u00fbt<br \/>\u231a 20h45 <a href=\"https:\/\/t.co\/2HtYCqx24a\" rel=\"nofollow\">pic.twitter.com\/2HtYCqx24a<\/a><\/p>\n<p>\u2014 AS Monaco \ud83c\uddf2\ud83c\udde8 (@AS_Monaco) <a href=\"https:\/\/twitter.com\/AS_Monaco\/status\/1958433201375903820?ref_src=twsrc%5Etfw\" rel=\"nofollow noopener\" target=\"_blank\">August 21, 2025<\/a><\/p>\n<\/blockquote>\n<p>Vaincre le signe indien<\/p>\n<p>Un voyage historiquement p\u00e9rilleux pour l\u2019AS Monaco, qui reste sur <a href=\"https:\/\/www.asmbystf.fr\/vs\/fr\/lille\" target=\"_blank\" rel=\"noopener nofollow\">trois revers d\u2019affil\u00e9e au stade Pierre-Mauroy<\/a>, et dont le dernier succ\u00e8s dans le Nord <a href=\"https:\/\/www.asmonaco.com\/las-monaco-fait-le-grand-huit-a-lille\/\" target=\"_blank\" rel=\"noopener nofollow\">remonte \u00e0 l\u2019exercice 2021-2022<\/a>, gr\u00e2ce \u00e0 un doubl\u00e9 d\u2019<a href=\"https:\/\/www.asmonaco.com\/tchouameni-a-toute-allure\/\" target=\"_blank\" rel=\"noopener nofollow\">Aur\u00e9lien Tchouameni<\/a>. Il faudra donc mettre le bleu de chauffe ce week-end pour esp\u00e9rer ramener un r\u00e9sultat et confirmer ainsi la bonne pr\u00e9paration r\u00e9alis\u00e9e par les hommes d\u2019<a href=\"https:\/\/www.asmonaco.com\/joueurs\/fiche-technique-adi-hutter-entraineur-principal\/\" target=\"_blank\" rel=\"noopener nofollow\">Adi H\u00fctter<\/a>.<\/p>\n<\/p>\n<p>Un choc \u00e0 vivre sur Ligue 1+ !<\/p>\n<p>Alors avant le coup d\u2019envoi de cette rencontre, qui sera diffus\u00e9e en exclusivit\u00e9 <strong><a href=\"https:\/\/ligue1plus.fr\/?utm_campaign=PROMOTION_L1+&amp;utm_source=MONACO&amp;utm_medium=CLUB\" target=\"_blank\" rel=\"noopener nofollow\">sur la plateforme Ligue 1+<\/a><\/strong> et \u00e0 suivre <a href=\"https:\/\/www.asmonaco.com\/matchs\/l1-2025-2026-j2-lille-monaco\/\" target=\"_blank\" rel=\"noopener nofollow\">en live-texte sur asmonaco.com<\/a>, d\u00e9couvre le groupe convoqu\u00e9 par le technicien autrichien pour ce duel au sommet.<\/p>\n<p><strong>*T\u00e9l\u00e9charge l\u2019AS Monaco App pour ne rien rater ! (disponible sur\u00a0<a href=\"https:\/\/asmonaco.bfsp.app\/p?type=home\" target=\"_blank\" rel=\"noopener nofollow\">Google Play<\/a>\u00a0et l\u2019<a href=\"https:\/\/asmonaco.bfsp.app\/p?type=home\" target=\"_blank\" rel=\"noopener nofollow\">Apple Store<\/a>)<\/strong><\/p>\n<p><b>\ud83d\udc65 Le groupe pour le voyage \u00e0 Lille \ud83c\udfdf\ufe0f<\/b><\/p>\n<p><b>\ud83e\udde4 Gardiens<\/b> :<\/p>\n<p>Luk\u00e1\u0161 HRADECKY, Philipp K\u00d6HN, Yann LIENARD<\/p>\n<p><b>\ud83d\udea7 D\u00e9fenseurs<\/b> :<\/p>\n<p>Eric DIER, Caio HENRIQUE, Thilo KEHRER, Christian MAWISSA, Kassoum OUATTARA, Wilfried SINGO, Jordan TEZE, VANDERSON<\/p>\n<p><b>\ud83c\udfaf Milieux<\/b> :<\/p>\n<p>Maghnes AKLIOUCHE, Aladji BAMBA, Eliesse BEN SEGHIR, Lamine CAMARA, Aleksandr GOLOVIN, Takumi MINAMINO, Denis ZAKARIA<\/p>\n<p><b>\u26bd Attaquants<\/b> :<\/p>\n<p>Folarin BALOGUN, Mika BIERETH, George ILENIKHENA<\/p>\n<p>Le LOSC est l\u2019une des meilleures \u00e9quipes \u00e0 domicile, la deuxi\u00e8me je pense apr\u00e8s le PSG. Nous avons perdu deux fois l\u00e0-bas, c\u2019\u00e9tait m\u00e9rit\u00e9. Maintenant, on veut faire bien mieux. On affronte une \u00e9quipe de haut niveau. De nombreux joueurs ont quitt\u00e9 le club, mais ils ont recrut\u00e9 Olivier Giroud, une star de premier plan et un joueur fantastique.<\/p>\n<p>Adi H\u00fctterA propos de Lille<\/p>\n<p><strong>\ud83c\udf99\ufe0f Retrouve la conf\u00e9rence de presse d\u2019<a href=\"https:\/\/www.asmonaco.com\/conference-de-presse-adi-hutter-avant-lille\/\" target=\"_blank\" rel=\"noopener nofollow\">Adi H\u00fctter<\/a> et d\u2019<a href=\"https:\/\/www.asmonaco.com\/eric-dier-jai-trouve-un-super-vestiaire-et-un-staff-formidable\/\" target=\"_blank\" rel=\"noopener nofollow\">Eric Dier<\/a><\/strong><\/p>\n<blockquote class=\"twitter-tweet\" data-width=\"550\" data-dnt=\"true\">\n<p lang=\"fr\" dir=\"ltr\">Adi H\u00fctter : \u00ab Il faudra donc \u00eatre vigilant. \u00bb<\/p>\n<p>\ud83d\udd1c <a href=\"https:\/\/twitter.com\/hashtag\/LOSCASM?src=hash&amp;ref_src=twsrc%5Etfw\" rel=\"nofollow noopener\" target=\"_blank\">#LOSCASM<\/a> <a href=\"https:\/\/t.co\/atD0U7Oxwj\" rel=\"nofollow\">pic.twitter.com\/atD0U7Oxwj<\/a><\/p>\n<p>\u2014 AS Monaco \ud83c\uddf2\ud83c\udde8 (@AS_Monaco) <a href=\"https:\/\/twitter.com\/AS_Monaco\/status\/1958907191462944781?ref_src=twsrc%5Etfw\" rel=\"nofollow noopener\" target=\"_blank\">August 22, 2025<\/a><\/p>\n<\/blockquote>\n<p>            <script async src=\"https:\/\/platform.twitter.com\/widgets.js\" charset=\"utf-8\"><\/script><\/p>\n","protected":false},"excerpt":{"rendered":"Voici la liste des joueurs retenus par le coach Adi H\u00fctter pour l\u2019affiche de la 2e journ\u00e9e de&hellip;\n","protected":false},"author":2,"featured_media":339002,"comment_status":"","ping_status":"","sticky":false,"template":"","format":"standard","meta":{"footnotes":""},"categories":[2815],"tags":[1111,11,1777,674,1011,27,811,1307,12,25],"class_list":{"0":"post-339001","1":"post","2":"type-post","3":"status-publish","4":"format-standard","5":"has-post-thumbnail","7":"category-lille","8":"tag-actu","9":"tag-actualites","10":"tag-eu","11":"tag-europe","12":"tag-fr","13":"tag-france","14":"tag-hauts-de-france","15":"tag-lille","16":"tag-news","17":"tag-republique-francaise"},"share_on_mastodon":{"url":"https:\/\/pubeurope.com\/@fr\/115079349827240416","error":""},"_links":{"self":[{"href":"https:\/\/www.europesays.com\/fr\/wp-json\/wp\/v2\/posts\/339001","targetHints":{"allow":["GET"]}}],"collection":[{"href":"https:\/\/www.europesays.com\/fr\/wp-json\/wp\/v2\/posts"}],"about":[{"href":"https:\/\/www.europesays.com\/fr\/wp-json\/wp\/v2\/types\/post"}],"author":[{"embeddable":true,"href":"https:\/\/www.europesays.com\/fr\/wp-json\/wp\/v2\/users\/2"}],"replies":[{"embeddable":true,"href":"https:\/\/www.europesays.com\/fr\/wp-json\/wp\/v2\/comments?post=339001"}],"version-history":[{"count":0,"href":"https:\/\/www.europesays.com\/fr\/wp-json\/wp\/v2\/posts\/339001\/revisions"}],"wp:featuredmedia":[{"embeddable":true,"href":"https:\/\/www.europesays.com\/fr\/wp-json\/wp\/v2\/media\/339002"}],"wp:attachment":[{"href":"https:\/\/www.europesays.com\/fr\/wp-json\/wp\/v2\/media?parent=339001"}],"wp:term":[{"taxonomy":"category","embeddable":true,"href":"https:\/\/www.europesays.com\/fr\/wp-json\/wp\/v2\/categories?post=339001"},{"taxonomy":"post_tag","embeddable":true,"href":"https:\/\/www.europesays.com\/fr\/wp-json\/wp\/v2\/tags?post=339001"}],"curies":[{"name":"wp","href":"https:\/\/api.w.org\/{rel}","templated":true}]}}