{"id":339003,"date":"2025-08-23T17:51:11","date_gmt":"2025-08-23T17:51:11","guid":{"rendered":"https:\/\/www.europesays.com\/fr\/339003\/"},"modified":"2025-08-23T17:51:11","modified_gmt":"2025-08-23T17:51:11","slug":"a-marseille-une-ceremonie-pour-dire-merci-aux-tirailleurs-senegalais","status":"publish","type":"post","link":"https:\/\/www.europesays.com\/fr\/339003\/","title":{"rendered":"\u00e0 Marseille, une c\u00e9r\u00e9monie pour dire \u00ab\u00a0merci\u00a0\u00bb aux tirailleurs s\u00e9n\u00e9galais"},"content":{"rendered":"<p>Une c\u00e9r\u00e9monie aussi discr\u00e8te qu\u2019attendue. Ce samedi 23\u00a0ao\u00fbt, jour de la f\u00eate nationale du tirailleur s\u00e9n\u00e9galais au S\u00e9n\u00e9gal, un hommage a \u00e9t\u00e9 rendu par la Ville de Marseille et la pr\u00e9fecture des Bouches-du-Rh\u00f4ne \u00e0 ces soldats africains de l\u2019ex-empire colonial fran\u00e7ais, morts durant la Seconde guerre mondiale. Avec un effectif de 300\u00a0000\u00a0hommes en 39-40, l&rsquo;Arm\u00e9e d\u2019Afrique \u00e9tait l\u2019une des r\u00e9serves d\u2019hommes les plus importantes pour lib\u00e9rer la France du joug nazi. Une quarantaine d\u2019enfants, petits-enfants et arri\u00e8re-petits-enfants de soldats \u00e9taient pr\u00e9sents au parc du XXVIe\u00a0centenaire pour <a href=\"https:\/\/www.laprovence.com\/article\/region\/41960153906329\/martigues-et-la-cote-bleue-replongent-dans-lhistoire-de-la-liberation-il-y-a-81-ans\" target=\"_blank\" rel=\"noopener\">les comm\u00e9morations en l\u2019honneur de leurs a\u00efeux<\/a>.<\/p>\n<p>\u00ab\u00a0Apr\u00e8s avoir connu les tranch\u00e9es, ils ont d\u00e9couvert la lavande\u00a0\u00bb<\/p>\n<p>Au premier rang lors de la c\u00e9r\u00e9monie, une femme tient dans les mains une photo en noir et blanc de son grand-p\u00e8re, Anatole Isma\u00ebl Diop. \u00ab\u00a0<a href=\"https:\/\/www.laprovence.com\/article\/faits-divers-justice\/54945931532042\/un-pecheur-a-laimant-de-25-ans-trouve-un-second-obus-dans-le-rhone-a-avignon-en-moins-de-10-jours\" target=\"_blank\" rel=\"noopener\">Il a combattu pour la France<\/a> durant la Seconde guerre mondiale et la guerre d\u2019Indochine. Il est devenu capitaine dans l\u2019Arm\u00e9e fran\u00e7aise apr\u00e8s 39-45. Nous sommes tous fiers de lui dans la famille. Il aurait pu tra\u00eener les pieds, d\u00e9serter les combats, mais il ne l\u2019a pas fait. Il a aid\u00e9 la France \u00e0 devenir ce qu\u2019elle est\u00a0\u00bb, retrace-t-elle, tr\u00e8s au fait de son h&#8230;<\/p>\n","protected":false},"excerpt":{"rendered":"Une c\u00e9r\u00e9monie aussi discr\u00e8te qu\u2019attendue. Ce samedi 23\u00a0ao\u00fbt, jour de la f\u00eate nationale du tirailleur s\u00e9n\u00e9galais au S\u00e9n\u00e9gal,&hellip;\n","protected":false},"author":2,"featured_media":339004,"comment_status":"","ping_status":"","sticky":false,"template":"","format":"standard","meta":{"footnotes":""},"categories":[2814],"tags":[17,1111,11,23392,47524,932,1777,674,1011,27,937,884,11078,12,882,16,25,42775],"class_list":{"0":"post-339003","1":"post","2":"type-post","3":"status-publish","4":"format-standard","5":"has-post-thumbnail","7":"category-marseille","8":"tag-17","9":"tag-actu","10":"tag-actualites","11":"tag-celle","12":"tag-dafricains","13":"tag-est","14":"tag-eu","15":"tag-europe","16":"tag-fr","17":"tag-france","18":"tag-histoire","19":"tag-marseille","20":"tag-mon","21":"tag-news","22":"tag-provence-alpes-cote-dazur","23":"tag-region","24":"tag-republique-francaise","25":"tag-tellement"},"share_on_mastodon":{"url":"https:\/\/pubeurope.com\/@fr\/115079353888980152","error":""},"_links":{"self":[{"href":"https:\/\/www.europesays.com\/fr\/wp-json\/wp\/v2\/posts\/339003","targetHints":{"allow":["GET"]}}],"collection":[{"href":"https:\/\/www.europesays.com\/fr\/wp-json\/wp\/v2\/posts"}],"about":[{"href":"https:\/\/www.europesays.com\/fr\/wp-json\/wp\/v2\/types\/post"}],"author":[{"embeddable":true,"href":"https:\/\/www.europesays.com\/fr\/wp-json\/wp\/v2\/users\/2"}],"replies":[{"embeddable":true,"href":"https:\/\/www.europesays.com\/fr\/wp-json\/wp\/v2\/comments?post=339003"}],"version-history":[{"count":0,"href":"https:\/\/www.europesays.com\/fr\/wp-json\/wp\/v2\/posts\/339003\/revisions"}],"wp:featuredmedia":[{"embeddable":true,"href":"https:\/\/www.europesays.com\/fr\/wp-json\/wp\/v2\/media\/339004"}],"wp:attachment":[{"href":"https:\/\/www.europesays.com\/fr\/wp-json\/wp\/v2\/media?parent=339003"}],"wp:term":[{"taxonomy":"category","embeddable":true,"href":"https:\/\/www.europesays.com\/fr\/wp-json\/wp\/v2\/categories?post=339003"},{"taxonomy":"post_tag","embeddable":true,"href":"https:\/\/www.europesays.com\/fr\/wp-json\/wp\/v2\/tags?post=339003"}],"curies":[{"name":"wp","href":"https:\/\/api.w.org\/{rel}","templated":true}]}}