{"id":339005,"date":"2025-08-23T17:52:15","date_gmt":"2025-08-23T17:52:15","guid":{"rendered":"https:\/\/www.europesays.com\/fr\/339005\/"},"modified":"2025-08-23T17:52:15","modified_gmt":"2025-08-23T17:52:15","slug":"avec-un-double-daubameyang-marseille-retrouve-la-victoire-les-comms-rmc","status":"publish","type":"post","link":"https:\/\/www.europesays.com\/fr\/339005\/","title":{"rendered":"Avec un doubl\u00e9 d&rsquo;Aubameyang, Marseille retrouve la victoire&#8230; les comms&rsquo; RMC"},"content":{"rendered":"<p>OM 5-2 Paris FC : Avec un doubl\u00e9 d&rsquo;Aubameyang, Marseille retrouve la victoire&#8230; les comms&rsquo; RMC Sur le m\u00eame sujet<a href=\"https:\/\/rmcsport.bfmtv.com\/football\/ligue-1\/video-om-5-2-paris-fc-avec-un-double-d-aubameyang-marseille-retrouve-la-victoire-les-comms-rmc_VN-202508230244.html\" title=\"OM 5-2 Paris FC : Avec un doubl\u00e9 d&#039;Aubameyang, Marseille retrouve la victoire... les comms&#039; RMC\" rel=\"nofollow noopener\" target=\"_blank\"><img class=\"lozad\"  width=\"16\" height=\"9\" alt=\"OM 5-2 Paris FC : Avec un doubl\u00e9 d'Aubameyang, Marseille retrouve la victoire... les comms' RMC\"\/>en lectureOM 5-2 Paris FC : Avec un doubl\u00e9 d&rsquo;Aubameyang, Marseille retrouve la victoire&#8230; les comms&rsquo; RMC<\/a><a href=\"https:\/\/rmcsport.bfmtv.com\/football\/transferts\/video-andy-diouf-ben-seghir-nkunku-les-5-infos-mercato-du-23-aout-a-la-mi-journee_VN-202508230147.html\" title=\"Andy Diouf, Ben Seghir, Nkunku\u2026 Les 5 infos mercato du 23 ao\u00fbt \u00e0 la mi-journ\u00e9e\" rel=\"nofollow noopener\" target=\"_blank\"><img class=\"lozad\"  width=\"16\" height=\"9\" alt=\"Andy Diouf, Ben Seghir, Nkunku\u2026 Les 5 infos mercato du 23 ao\u00fbt \u00e0 la mi-journ\u00e9e\"\/>0:58Andy Diouf, Ben Seghir, Nkunku\u2026 Les 5 infos mercato du 23 ao\u00fbt \u00e0 la mi-journ\u00e9e<\/a><a href=\"https:\/\/rmcsport.bfmtv.com\/replay-emissions\/les-grandes-gueules-du-sport\/video-om-rabiot-sur-le-depart-la-saison-est-plombee-craint-dupraz_VN-202508230124.html\" title=\"OM : Rabiot sur le d\u00e9part, &quot;la saison est plomb\u00e9e&quot; craint Dupraz \" rel=\"nofollow noopener\" target=\"_blank\"><img class=\"lozad\"  width=\"16\" height=\"9\" alt=\"OM : Rabiot sur le d\u00e9part, &quot;la saison est plomb\u00e9e&quot; craint Dupraz \"\/>2:09OM : Rabiot sur le d\u00e9part, \u00ab\u00a0la saison est plomb\u00e9e\u00a0\u00bb craint Dupraz<\/a><a href=\"https:\/\/rmcsport.bfmtv.com\/football\/ligue-1\/video-psg-1-0-angers-l-humain-est-parfait-l-hommage-de-zaire-emery-a-donnarumma_VN-202508230085.html\" title=\"PSG 1-0 Angers : &quot;L&#039;humain est parfait&quot;, l&#039;hommage de Za\u00efre-Emery \u00e0 Donnarumma\" rel=\"nofollow noopener\" target=\"_blank\"><img class=\"lozad\"  width=\"16\" height=\"9\" alt=\"PSG 1-0 Angers : &quot;L'humain est parfait&quot;, l'hommage de Za\u00efre-Emery \u00e0 Donnarumma\"\/>1:44PSG 1-0 Angers : \u00ab\u00a0L&rsquo;humain est parfait\u00a0\u00bb, l&rsquo;hommage de Za\u00efre-Emery \u00e0 Donnarumma<\/a><a href=\"https:\/\/rmcsport.bfmtv.com\/replay-emissions\/after-foot\/video-om-affaire-rabiot-rowe-l-hypothese-de-l-opportunite-l-avis-de-riolo_VN-202508220618.html\" title=\"OM \/ Affaire Rabiot-Rowe : &quot;L&#039;hypoth\u00e8se de l&#039;opportunit\u00e9...&quot; l&#039;avis de Riolo\" rel=\"nofollow noopener\" target=\"_blank\"><img class=\"lozad\"  width=\"16\" height=\"9\" alt=\"OM \/ Affaire Rabiot-Rowe : &quot;L'hypoth\u00e8se de l'opportunit\u00e9...&quot; l'avis de Riolo\"\/>17:33OM \/ Affaire Rabiot-Rowe : \u00ab\u00a0L&rsquo;hypoth\u00e8se de l&rsquo;opportunit\u00e9&#8230;\u00a0\u00bb l&rsquo;avis de Riolo<\/a><a href=\"https:\/\/rmcsport.bfmtv.com\/football\/ligue-1\/video-psg-1-0-angers-le-pire-a-ete-l-etat-de-la-pelouse-le-petit-tacle-de-luis-enrique_VN-202508220614.html\" title=\"PSG 1-0 Angers : &quot;Le pire a \u00e9t\u00e9 l\u2019\u00e9tat de la pelouse\u2026&quot;, le petit tacle de Luis Enrique\" rel=\"nofollow noopener\" target=\"_blank\"><img class=\"lozad\"  width=\"16\" height=\"9\" alt=\"PSG 1-0 Angers : &quot;Le pire a \u00e9t\u00e9 l\u2019\u00e9tat de la pelouse\u2026&quot;, le petit tacle de Luis Enrique\"\/>2:50PSG 1-0 Angers : \u00ab\u00a0Le pire a \u00e9t\u00e9 l\u2019\u00e9tat de la pelouse\u2026\u00a0\u00bb, le petit tacle de Luis Enrique<\/a><a href=\"https:\/\/rmcsport.bfmtv.com\/football\/ligue-1\/video-psg-1-0-angers-j2-c-est-moi-le-boss-luis-enrique-agace-sur-le-choix-du-tireur-de-penalty_VN-202508220615.html\" title=\"PSG 1-0 Angers (J2) : &quot;C&#039;est moi le boss&quot; Luis Enrique agac\u00e9 sur le choix du tireur de penalty\" rel=\"nofollow noopener\" target=\"_blank\"><img class=\"lozad\"  width=\"16\" height=\"9\" alt=\"PSG 1-0 Angers (J2) : &quot;C'est moi le boss&quot; Luis Enrique agac\u00e9 sur le choix du tireur de penalty\"\/>0:59PSG 1-0 Angers (J2) : \u00ab\u00a0C&rsquo;est moi le boss\u00a0\u00bb Luis Enrique agac\u00e9 sur le choix du tireur de penalty<\/a><a href=\"https:\/\/rmcsport.bfmtv.com\/football\/ligue-1\/video-psg-1-0-angers-un-moment-special-pour-donnarumma-reconnait-luis-enrique_VN-202508220611.html\" title=\"PSG 1-0 Angers : &quot;Un moment sp\u00e9cial pour Donnarumma&quot;, reconna\u00eet Luis Enrique\" rel=\"nofollow noopener\" target=\"_blank\"><img class=\"lozad\"  width=\"16\" height=\"9\" alt=\"PSG 1-0 Angers : &quot;Un moment sp\u00e9cial pour Donnarumma&quot;, reconna\u00eet Luis Enrique\"\/>0:51PSG 1-0 Angers : \u00ab\u00a0Un moment sp\u00e9cial pour Donnarumma\u00a0\u00bb, reconna\u00eet Luis Enrique<\/a><a href=\"https:\/\/rmcsport.bfmtv.com\/replay-emissions\/after-foot\/video-psg-1-0-angers-le-debrief-complet-de-l-after-foot-apres-un-paris-en-maitrise-a-domicile_VN-202508220606.html\" title=\"PSG 1-0 Angers :  Le d\u00e9brief complet de l\u2019After Foot apr\u00e8s un Paris en ma\u00eetrise \u00e0 domicile\" rel=\"nofollow noopener\" target=\"_blank\"><img class=\"lozad\"  width=\"16\" height=\"9\" alt=\"PSG 1-0 Angers :  Le d\u00e9brief complet de l\u2019After Foot apr\u00e8s un Paris en ma\u00eetrise \u00e0 domicile\"\/>36:33PSG 1-0 Angers : Le d\u00e9brief complet de l\u2019After Foot apr\u00e8s un Paris en ma\u00eetrise \u00e0 domicile<\/a><a href=\"https:\/\/rmcsport.bfmtv.com\/football\/ligue-1\/video-psg-1-0-angers-paris-a-sa-main-les-comms-rmc_VN-202508220595.html\" title=\"PSG 1-0 Angers (J2) : Paris, \u00e0 sa main ... les comms&#039; RMC \" rel=\"nofollow noopener\" target=\"_blank\"><img class=\"lozad\"  width=\"16\" height=\"9\" alt=\"PSG 1-0 Angers (J2) : Paris, \u00e0 sa main ... les comms' RMC \"\/>3:56PSG 1-0 Angers (J2) : Paris, \u00e0 sa main &#8230; les comms&rsquo; RMC<\/a><a href=\"https:\/\/rmcsport.bfmtv.com\/replay-emissions\/rothen-regale\/video-psg-comment-dembele-peut-se-reinventer_VN-202508220522.html\" title=\"PSG : Comment Demb\u00e9l\u00e9 peut se r\u00e9inventer \" rel=\"nofollow noopener\" target=\"_blank\"><img class=\"lozad\"  width=\"16\" height=\"9\" alt=\"PSG : Comment Demb\u00e9l\u00e9 peut se r\u00e9inventer \"\/>9:07PSG : Comment Demb\u00e9l\u00e9 peut se r\u00e9inventer<\/a><a href=\"https:\/\/rmcsport.bfmtv.com\/replay-emissions\/rothen-regale\/video-om-rabiot-a-droit-a-une-seconde-chance-defend-rothen_VN-202508220502.html\" title=\"OM : &quot;Rabiot a droit \u00e0 une seconde chance&quot;, d\u00e9fend Rothen\" rel=\"nofollow noopener\" target=\"_blank\"><img class=\"lozad\"  width=\"16\" height=\"9\" alt=\"OM : &quot;Rabiot a droit \u00e0 une seconde chance&quot;, d\u00e9fend Rothen\"\/>15:29OM : \u00ab\u00a0Rabiot a droit \u00e0 une seconde chance\u00a0\u00bb, d\u00e9fend Rothen<\/a><a href=\"https:\/\/rmcsport.bfmtv.com\/football\/ligue-1\/video-mercato-monaco-n-a-pas-eu-besoin-de-convaincre-zakaria-de-rester_VN-202508220469.html\" title=\"Mercato : Monaco n&#039;a &quot;pas eu besoin de convaincre Zakaria de rester&quot;\" rel=\"nofollow noopener\" target=\"_blank\"><img class=\"lozad\"  width=\"16\" height=\"9\" alt=\"Mercato : Monaco n'a &quot;pas eu besoin de convaincre Zakaria de rester&quot;\"\/>1:13Mercato : Monaco n&rsquo;a \u00ab\u00a0pas eu besoin de convaincre Zakaria de rester\u00a0\u00bb<\/a><a href=\"https:\/\/rmcsport.bfmtv.com\/football\/ligue-1\/video-mercato-lille-zhegrova-en-italie-je-n-ai-pas-recu-d-offres-clarifie-letang_VN-202508220413.html\" title=\"Mercato\/ Lille : Zhegrova en Italie ? &quot;Je n&#039;ai pas re\u00e7u d&#039;offres&quot;, clarifie L\u00e9tang\" rel=\"nofollow noopener\" target=\"_blank\"><img class=\"lozad\"  width=\"16\" height=\"9\" alt=\"Mercato\/ Lille : Zhegrova en Italie ? &quot;Je n'ai pas re\u00e7u d'offres&quot;, clarifie L\u00e9tang\"\/>1:59Mercato\/ Lille : Zhegrova en Italie ? \u00ab\u00a0Je n&rsquo;ai pas re\u00e7u d&rsquo;offres\u00a0\u00bb, clarifie L\u00e9tang<\/a><a class=\"jumpToVideo\" target=\"_blank\"><img class=\"thumbnailPreview\"\/><\/a><\/p>\n","protected":false},"excerpt":{"rendered":"OM 5-2 Paris FC : Avec un doubl\u00e9 d&rsquo;Aubameyang, Marseille retrouve la victoire&#8230; les comms&rsquo; RMC Sur le&hellip;\n","protected":false},"author":2,"featured_media":339006,"comment_status":"","ping_status":"","sticky":false,"template":"","format":"standard","meta":{"footnotes":""},"categories":[2814],"tags":[1111,11,1777,674,1011,27,884,12,882,25],"class_list":{"0":"post-339005","1":"post","2":"type-post","3":"status-publish","4":"format-standard","5":"has-post-thumbnail","7":"category-marseille","8":"tag-actu","9":"tag-actualites","10":"tag-eu","11":"tag-europe","12":"tag-fr","13":"tag-france","14":"tag-marseille","15":"tag-news","16":"tag-provence-alpes-cote-dazur","17":"tag-republique-francaise"},"share_on_mastodon":{"url":"https:\/\/pubeurope.com\/@fr\/115079357697872726","error":""},"_links":{"self":[{"href":"https:\/\/www.europesays.com\/fr\/wp-json\/wp\/v2\/posts\/339005","targetHints":{"allow":["GET"]}}],"collection":[{"href":"https:\/\/www.europesays.com\/fr\/wp-json\/wp\/v2\/posts"}],"about":[{"href":"https:\/\/www.europesays.com\/fr\/wp-json\/wp\/v2\/types\/post"}],"author":[{"embeddable":true,"href":"https:\/\/www.europesays.com\/fr\/wp-json\/wp\/v2\/users\/2"}],"replies":[{"embeddable":true,"href":"https:\/\/www.europesays.com\/fr\/wp-json\/wp\/v2\/comments?post=339005"}],"version-history":[{"count":0,"href":"https:\/\/www.europesays.com\/fr\/wp-json\/wp\/v2\/posts\/339005\/revisions"}],"wp:featuredmedia":[{"embeddable":true,"href":"https:\/\/www.europesays.com\/fr\/wp-json\/wp\/v2\/media\/339006"}],"wp:attachment":[{"href":"https:\/\/www.europesays.com\/fr\/wp-json\/wp\/v2\/media?parent=339005"}],"wp:term":[{"taxonomy":"category","embeddable":true,"href":"https:\/\/www.europesays.com\/fr\/wp-json\/wp\/v2\/categories?post=339005"},{"taxonomy":"post_tag","embeddable":true,"href":"https:\/\/www.europesays.com\/fr\/wp-json\/wp\/v2\/tags?post=339005"}],"curies":[{"name":"wp","href":"https:\/\/api.w.org\/{rel}","templated":true}]}}