{"id":339007,"date":"2025-08-23T17:53:23","date_gmt":"2025-08-23T17:53:23","guid":{"rendered":"https:\/\/www.europesays.com\/fr\/339007\/"},"modified":"2025-08-23T17:53:23","modified_gmt":"2025-08-23T17:53:23","slug":"le-vol-en-direction-de-porto-fait-demi-tour","status":"publish","type":"post","link":"https:\/\/www.europesays.com\/fr\/339007\/","title":{"rendered":"le vol en direction de Porto fait demi-tour"},"content":{"rendered":"<p>Un passager pris de bouff\u00e9es d\u00e9lirantes a tent\u00e9 de s&rsquo;introduire dans le cockpit d&rsquo;un vol Lyon-Porto de la compagnie EasyJet vendredi soir, peu apr\u00e8s le d\u00e9collage, for\u00e7ant l&rsquo;avion \u00e0 faire demi-tour.<\/p>\n<p>L\u2019homme se serait d\u2019abord montr\u00e9 agressif envers le personnel navigant, se mettant \u00e0 le bousculer, pr\u00e9cise nos confr\u00e8res du <a href=\"https:\/\/www.leprogres.fr\/faits-divers-justice\/2025\/08\/23\/grosse-frayeur-pour-les-passagers-un-homme-fait-une-crise-de-demence-sur-un-vol-lyon-porto-l-avion-fait-demi-tour?login=1\" target=\"_blank\" rel=\"nofollow noopener\">Progr\u00e8s<\/a>. Il a \u00e9t\u00e9 immobilis\u00e9 par d&rsquo;autres passagers et maintenu entrav\u00e9 jusqu&rsquo;au retour \u00e0 l&rsquo;a\u00e9roport, o\u00f9 il a \u00e9t\u00e9 plac\u00e9 en garde \u00e0 vue.<\/p>\n<p>Des bouff\u00e9es d\u00e9lirantes<\/p>\n<p>Des examens m\u00e9dicaux ont confirm\u00e9 que ce passager \u00e2g\u00e9 d&rsquo;une vingtaine d&rsquo;ann\u00e9es, de nationalit\u00e9 portugaise, souffrait de mal de l&rsquo;air et de bouff\u00e9es d\u00e9lirantes. Inconnu des services de police, il a \u00e9t\u00e9 hospitalis\u00e9 et sera entendu par la suite.<\/p>\n<p>Le vol a ensuite red\u00e9coll\u00e9 vers Porto o\u00f9 il a atterri en fin de soir\u00e9e.<\/p>\n","protected":false},"excerpt":{"rendered":"Un passager pris de bouff\u00e9es d\u00e9lirantes a tent\u00e9 de s&rsquo;introduire dans le cockpit d&rsquo;un vol Lyon-Porto de la&hellip;\n","protected":false},"author":2,"featured_media":339008,"comment_status":"","ping_status":"","sticky":false,"template":"","format":"standard","meta":{"footnotes":""},"categories":[1889],"tags":[1111,11,2430,1777,674,274,107,1011,27,329,2428,12,25],"class_list":{"0":"post-339007","1":"post","2":"type-post","3":"status-publish","4":"format-standard","5":"has-post-thumbnail","7":"category-lyon","8":"tag-actu","9":"tag-actualites","10":"tag-auvergne-rhone-alpes","11":"tag-eu","12":"tag-europe","13":"tag-faits-divers-justice","14":"tag-fil-info","15":"tag-fr","16":"tag-france","17":"tag-france-monde","18":"tag-lyon","19":"tag-news","20":"tag-republique-francaise"},"share_on_mastodon":{"url":"https:\/\/pubeurope.com\/@fr\/115079362439575086","error":""},"_links":{"self":[{"href":"https:\/\/www.europesays.com\/fr\/wp-json\/wp\/v2\/posts\/339007","targetHints":{"allow":["GET"]}}],"collection":[{"href":"https:\/\/www.europesays.com\/fr\/wp-json\/wp\/v2\/posts"}],"about":[{"href":"https:\/\/www.europesays.com\/fr\/wp-json\/wp\/v2\/types\/post"}],"author":[{"embeddable":true,"href":"https:\/\/www.europesays.com\/fr\/wp-json\/wp\/v2\/users\/2"}],"replies":[{"embeddable":true,"href":"https:\/\/www.europesays.com\/fr\/wp-json\/wp\/v2\/comments?post=339007"}],"version-history":[{"count":0,"href":"https:\/\/www.europesays.com\/fr\/wp-json\/wp\/v2\/posts\/339007\/revisions"}],"wp:featuredmedia":[{"embeddable":true,"href":"https:\/\/www.europesays.com\/fr\/wp-json\/wp\/v2\/media\/339008"}],"wp:attachment":[{"href":"https:\/\/www.europesays.com\/fr\/wp-json\/wp\/v2\/media?parent=339007"}],"wp:term":[{"taxonomy":"category","embeddable":true,"href":"https:\/\/www.europesays.com\/fr\/wp-json\/wp\/v2\/categories?post=339007"},{"taxonomy":"post_tag","embeddable":true,"href":"https:\/\/www.europesays.com\/fr\/wp-json\/wp\/v2\/tags?post=339007"}],"curies":[{"name":"wp","href":"https:\/\/api.w.org\/{rel}","templated":true}]}}