{"id":339012,"date":"2025-08-23T17:58:11","date_gmt":"2025-08-23T17:58:11","guid":{"rendered":"https:\/\/www.europesays.com\/fr\/339012\/"},"modified":"2025-08-23T17:58:11","modified_gmt":"2025-08-23T17:58:11","slug":"la-presse-italienne-semeut-des-tensions-diplomatiques-entre-rome-et-paris","status":"publish","type":"post","link":"https:\/\/www.europesays.com\/fr\/339012\/","title":{"rendered":"la presse italienne s\u2019\u00e9meut des tensions diplomatiques entre Rome et Paris"},"content":{"rendered":"<p><strong>REVUE DE PRESSE &#8211;<\/strong> Interrog\u00e9 lors d\u2019un d\u00e9placement \u00e0 Milan sur un \u00e9ventuel d\u00e9ploiement de soldats italiens en Ukraine, le vice-premier ministre italien Matteo Salvini avait sugg\u00e9r\u00e9 qu\u2019Emmanuel Macron \u00aby aille lui-m\u00eame\u00bb. De quoi susciter l\u2019ire de Paris.<\/p>\n<p class=\"fig-paragraph\">\u00abUn nouveau front diplomatique s\u2019ouvre d\u00e9sormais entre Rome et Paris, avec des cons\u00e9quences impr\u00e9visibles\u00bb,\u00a0<a href=\"https:\/\/www.repubblica.it\/politica\/2025\/08\/23\/news\/salvini_scontro_roma_parigi_ambasciatrice-424802939\/\" target=\"_blank\" rel=\"noopener nofollow\" data-gtm-custom-categorie=\"navigation\" data-gtm-custom-action=\"crossclick\" data-gtm-custom-label=\"Contextuel\" data-gtm-event=\"customEventSPE\">constate avec crainte La Repubblica<\/a> \u00a0dans ses colonnes ce samedi 23 ao\u00fbt, apr\u00e8s que\u00a0<a href=\"http:\/\/www.lefigaro.fr\/international\/paris-convoque-l-ambassadrice-d-italie-apres-des-propos-inacceptables-du-vice-premier-ministre-matteo-salvini-20250822\" target=\"_blank\" data-fig-type=\"NewsFlash\" rel=\"noopener nofollow\" data-gtm-custom-categorie=\"navigation\" data-gtm-custom-action=\"crossclick\" data-gtm-custom-label=\"Contextuel\" data-gtm-event=\"customEventSPE\" data-fig-domain=\"LEFIGARO\">la France a convoqu\u00e9 l\u2019ambassadrice d\u2019Italie en France<\/a>\u00a0\u00ab\u00e0 la suite des propos inacceptables\u00bb tenus par le vice-premier ministre italien Matteo Salvini mercredi dernier \u00e0 l\u2019encontre d\u2019Emmanuel Macron.<\/p>\n<p class=\"fig-paragraph\">\u00abLe champ de bataille sur lequel se joue le duel est<a href=\"http:\/\/www.lefigaro.fr\/international\/guerre-en-ukraine-qu-est-ce-que-la-coalition-des-volontaires-qui-se-reunit-ce-dimanche-20250817\" data-fig-type=\"Article\" data-gtm-custom-categorie=\"navigation\" data-gtm-custom-action=\"crossclick\" data-gtm-custom-label=\"Contextuel\" data-gtm-event=\"customEventSPE\" data-fig-domain=\"LEFIGARO\" rel=\"nofollow noopener\" target=\"_blank\">\u00a0celui des volontaires<\/a> \u00a0(une coalition d\u2019alli\u00e9s de Kiev, NDLR), un enjeu crucial dans la guerre en Ukraine. L\u2019id\u00e9e franco-britannique d\u2019envoyer des troupes sur le terrain pour maintenir la paix a \u00e9t\u00e9 farouchement contest\u00e9e ces derniers mois par Giorgia Meloni, mais surtout par Salvini\u00bb, poursuit le quotidien situ\u00e9 \u00e0 gauche.<\/p>\n<p>                                    <a class=\"fig-a11y-skip a11y-hidden\" href=\"#fig-a11y-skip-main-inarticle\"><br \/>\n        Passer la publicit\u00e9<br \/>\n    <\/a><\/p>\n<p>\u00abJusqu\u2019\u00e0 pr\u00e9sent, Meloni a choisi de ne pas s\u2019exprimer\u00bb<\/p>\n<p class=\"fig-paragraph\">Interrog\u00e9 lors d\u2019un d\u00e9placement \u00e0 Milan sur un \u00e9ventuel d\u00e9ploiement de soldats italiens en Ukraine apr\u00e8s un arr\u00eat des hostilit\u00e9s, comme la France et le Royaume-Uni envisagent de le faire, Matteo Salvini a effectivement sugg\u00e9r\u00e9 qu\u2019Emmanuel Macron \u00aby aille lui-m\u00eame\u00bb en mettant un casque et prenant un fusil. Le chef du parti antimigrants Lega, proche de\u00a0<a href=\"http:\/\/www.lefigaro.fr\/vox\/politique\/et-si-malgre-l-execution-provisoire-marine-le-pen-pouvait-se-presenter-aux-prochaines-elections-20250804\" data-fig-type=\"Article\" data-gtm-custom-categorie=\"navigation\" data-gtm-custom-action=\"crossclick\" data-gtm-custom-label=\"Contextuel\" data-gtm-event=\"customEventSPE\" data-fig-domain=\"LEFIGARO\" rel=\"nofollow noopener\" target=\"_blank\">Marine Le Pen<\/a>, avait d\u00e9j\u00e0 qualifi\u00e9 en mars le pr\u00e9sident fran\u00e7ais de \u00abfou\u00bb, l\u2019accusant de pousser l\u2019Europe \u00e0 la guerre avec la Russie. Une \u00abplaisanterie\u00bb, estime il Giornale, quotidien milanais marqu\u00e9 \u00e0 droite.<\/p>\n<p class=\"fig-paragraph\">Fait majeur, souligne La Repubblica, la saillie de Matteo Salvini est survenue au moment m\u00eame o\u00f9 Emmanuel Macron et, entre autres, la\u00a0Pr\u00e9sidente du Conseil italien Giorgia Meloni,\u00a0<a href=\"http:\/\/www.lefigaro.fr\/international\/guerre-en-ukraine-zelensky-et-les-europeens-face-au-deal-de-trump-20250818\" data-fig-type=\"Article\" data-gtm-custom-categorie=\"navigation\" data-gtm-custom-action=\"crossclick\" data-gtm-custom-label=\"Contextuel\" data-gtm-event=\"customEventSPE\" data-fig-domain=\"LEFIGARO\" rel=\"nofollow noopener\" target=\"_blank\">rentraient de Washington<\/a>\u00a0pour n\u00e9gocier avec Donald Trump une sortie de\u00a0guerre entre la Russie et l\u2019Ukraine. \u00abLa question se d\u00e9place d\u00e9sormais sur le plan diplomatique. La premi\u00e8re ministre est confront\u00e9e \u00e0 un choix\u00a0: prendre position, stigmatisant Salvini, ou garder le silence, compliquant encore davantage ses relations d\u00e9j\u00e0 complexes avec le pr\u00e9sident fran\u00e7ais\u00a0? Jusqu\u2019\u00e0 pr\u00e9sent, Meloni a choisi de ne pas s\u2019exprimer\u00bb, conclut La Repubblica.<\/p>\n<p class=\"fig-body-link\">\n            \u00c0 lire aussi<br \/>\n        <a class=\"fig-body-link__link fig-premium-mark\" href=\"http:\/\/www.lefigaro.fr\/international\/catholique-de-droite-et-liberale-la-methode-gagnante-de-giorgia-meloni-en-italie-20250613\" data-fig-type=\"Article\" data-gtm-custom-categorie=\"navigation\" data-gtm-custom-action=\"crossclick\" data-gtm-custom-label=\"Contextuel\" data-gtm-event=\"customEventSPE\" data-fig-domain=\"LEFIGARO\" rel=\"nofollow noopener\" target=\"_blank\">Catholique, de droite et lib\u00e9rale\u00a0: la m\u00e9thode gagnante de Giorgia Meloni en Italie<br \/>\n    <\/a>\n<\/p>\n<p>\u00abLes critiques \u00e9manent \u00e9galement de la majorit\u00e9\u00bb<\/p>\n<p class=\"fig-paragraph\">\u00abL\u2019\u00c9lys\u00e9e attendait une r\u00e9action. Une distanciation avec Meloni, ou du moins avec le ministre des Affaires \u00e9trang\u00e8res Antonio Tajani. Mais au lieu de cela\u00a0: rien\u00bb,\u00a0<a href=\"https:\/\/www.lastampa.it\/politica\/2025\/08\/23\/news\/parigi_convoca_ambasciatrice_italiana_da_salvini_commenti_inaccettabili_su_macron-15279946\/?ref=LSHAE-BH-P2-S1-T1\" target=\"_blank\" rel=\"noopener nofollow\" data-gtm-custom-categorie=\"navigation\" data-gtm-custom-action=\"crossclick\" data-gtm-custom-label=\"Contextuel\" data-gtm-event=\"customEventSPE\">note de son c\u00f4t\u00e9 La Stampa<\/a> \u00a0qui voit dans la convocation de l\u2019ambassadrice italienne un \u00abacte retentissant\u00bb. \u00abCe qui est certain, ass\u00e8ne le quotidien turinois lib\u00e9ral, c\u2019est que la d\u00e9cision fran\u00e7aise repr\u00e9sente une nouvelle rupture diplomatique, une nouvelle dans le conflit chronique de ces derni\u00e8res ann\u00e9es entre les partis populistes italiens successifs au gouvernement \u2013 tous\u00a0: M5S, Lega et FdI \u2013 et Macron.\u00bb<\/p>\n<p class=\"fig-paragraph\">Enfin, le\u00a0<a href=\"https:\/\/www.corriere.it\/politica\/25_agosto_23\/salvini-contro-macron-sull-ucraina-l-opposizione-attacca-figuraccia-internazionale-meloni-chiarisca-f3cc1484-f91c-4002-866c-e3de65416xlk.shtml\" target=\"_blank\" rel=\"noopener nofollow\" data-gtm-custom-categorie=\"navigation\" data-gtm-custom-action=\"crossclick\" data-gtm-custom-label=\"Contextuel\" data-gtm-event=\"customEventSPE\">Corriere della Sera<\/a>\u00a0pointe de son c\u00f4t\u00e9 les dissensions apparues au sein m\u00eame du gouvernement italien. \u00abLes critiques \u00e9manent \u00e9galement de la majorit\u00e9, ouvrant un front interne d\u00e9licat au sein du gouvernement\u00bb.<\/p>\n","protected":false},"excerpt":{"rendered":"REVUE DE PRESSE &#8211; Interrog\u00e9 lors d\u2019un d\u00e9placement \u00e0 Milan sur un \u00e9ventuel d\u00e9ploiement de soldats italiens en&hellip;\n","protected":false},"author":2,"featured_media":339013,"comment_status":"","ping_status":"","sticky":false,"template":"","format":"standard","meta":{"footnotes":""},"categories":[1888],"tags":[1111,1928,11,1927,1073,1777,674,1011,27,452,3999,12,1926,626,1925,25],"class_list":{"0":"post-339012","1":"post","2":"type-post","3":"status-publish","4":"format-standard","5":"has-post-thumbnail","7":"category-paris","8":"tag-actu","9":"tag-actu-paris","10":"tag-actualites","11":"tag-actualites-paris","12":"tag-emmanuel-macron","13":"tag-eu","14":"tag-europe","15":"tag-fr","16":"tag-france","17":"tag-italie","18":"tag-matteo-salvini","19":"tag-news","20":"tag-news-paris","21":"tag-paris","22":"tag-paris-news","23":"tag-republique-francaise"},"share_on_mastodon":{"url":"https:\/\/pubeurope.com\/@fr\/115079381298350885","error":""},"_links":{"self":[{"href":"https:\/\/www.europesays.com\/fr\/wp-json\/wp\/v2\/posts\/339012","targetHints":{"allow":["GET"]}}],"collection":[{"href":"https:\/\/www.europesays.com\/fr\/wp-json\/wp\/v2\/posts"}],"about":[{"href":"https:\/\/www.europesays.com\/fr\/wp-json\/wp\/v2\/types\/post"}],"author":[{"embeddable":true,"href":"https:\/\/www.europesays.com\/fr\/wp-json\/wp\/v2\/users\/2"}],"replies":[{"embeddable":true,"href":"https:\/\/www.europesays.com\/fr\/wp-json\/wp\/v2\/comments?post=339012"}],"version-history":[{"count":0,"href":"https:\/\/www.europesays.com\/fr\/wp-json\/wp\/v2\/posts\/339012\/revisions"}],"wp:featuredmedia":[{"embeddable":true,"href":"https:\/\/www.europesays.com\/fr\/wp-json\/wp\/v2\/media\/339013"}],"wp:attachment":[{"href":"https:\/\/www.europesays.com\/fr\/wp-json\/wp\/v2\/media?parent=339012"}],"wp:term":[{"taxonomy":"category","embeddable":true,"href":"https:\/\/www.europesays.com\/fr\/wp-json\/wp\/v2\/categories?post=339012"},{"taxonomy":"post_tag","embeddable":true,"href":"https:\/\/www.europesays.com\/fr\/wp-json\/wp\/v2\/tags?post=339012"}],"curies":[{"name":"wp","href":"https:\/\/api.w.org\/{rel}","templated":true}]}}