{"id":339016,"date":"2025-08-23T18:00:11","date_gmt":"2025-08-23T18:00:11","guid":{"rendered":"https:\/\/www.europesays.com\/fr\/339016\/"},"modified":"2025-08-23T18:00:11","modified_gmt":"2025-08-23T18:00:11","slug":"om-paris-fc-5-2-les-notes-des-joueurs-parisiens-avec-le-cauchemar-dotavio-et-les-fulgurances-de-kebbal","status":"publish","type":"post","link":"https:\/\/www.europesays.com\/fr\/339016\/","title":{"rendered":"OM &#8211; Paris FC (5-2)\u00a0: les notes des joueurs parisiens avec le cauchemar d\u2019Otavio et les fulgurances de Kebbal"},"content":{"rendered":"<p class=\"paragraph text_align_left lp-f-body-02\"><b>Nkambadio<\/b> <b>: 4. <\/b>Confort\u00e9 comme num\u00e9ro 1 malgr\u00e9 l\u2019arriv\u00e9e de <a href=\"https:\/\/www.leparisien.fr\/sports\/football\/paris-fc\/paris-fc-le-club-officialise-larrivee-de-kevin-trapp-le-gardien-signe-pour-trois-saisons-19-08-2025-FXAJ4OD2V5HXVMAE4TUC54OKKA.php\" target=\"_blank\" rel=\"noreferrer nofollow noopener\">Kevin Trapp<\/a>, il est sauv\u00e9 par son poteau sur le lob d\u2019Aubameyang (13e), ne peut rien sur le p\u00e9nalty de Greenwood et est abandonn\u00e9 par sa d\u00e9fense sur le second but d\u2019Aubameyang. Un sauvetage sur la t\u00eate puissante de Balerdi (60e) \u00e0 2-2. Impuissant sur le second but d\u2019Aubameyang (74e), il reste clou\u00e9 sur ses appuis sur la frappe d\u2019Hojbjerg (81e) avant d\u2019\u00eatre transperc\u00e9 par Vaz (90e + 6) malgr\u00e9 l\u2019angle ferm\u00e9.<\/p>\n","protected":false},"excerpt":{"rendered":"Nkambadio : 4. Confort\u00e9 comme num\u00e9ro 1 malgr\u00e9 l\u2019arriv\u00e9e de Kevin Trapp, il est sauv\u00e9 par son poteau&hellip;\n","protected":false},"author":2,"featured_media":339017,"comment_status":"","ping_status":"","sticky":false,"template":"","format":"standard","meta":{"footnotes":""},"categories":[1888],"tags":[11,1777,674,63,1011,27,12,626,445,25,60],"class_list":{"0":"post-339016","1":"post","2":"type-post","3":"status-publish","4":"format-standard","5":"has-post-thumbnail","7":"category-paris","8":"tag-actualites","9":"tag-eu","10":"tag-europe","11":"tag-football","12":"tag-fr","13":"tag-france","14":"tag-news","15":"tag-paris","16":"tag-paris-fc","17":"tag-republique-francaise","18":"tag-sports"},"share_on_mastodon":{"url":"https:\/\/pubeurope.com\/@fr\/115079389124706652","error":""},"_links":{"self":[{"href":"https:\/\/www.europesays.com\/fr\/wp-json\/wp\/v2\/posts\/339016","targetHints":{"allow":["GET"]}}],"collection":[{"href":"https:\/\/www.europesays.com\/fr\/wp-json\/wp\/v2\/posts"}],"about":[{"href":"https:\/\/www.europesays.com\/fr\/wp-json\/wp\/v2\/types\/post"}],"author":[{"embeddable":true,"href":"https:\/\/www.europesays.com\/fr\/wp-json\/wp\/v2\/users\/2"}],"replies":[{"embeddable":true,"href":"https:\/\/www.europesays.com\/fr\/wp-json\/wp\/v2\/comments?post=339016"}],"version-history":[{"count":0,"href":"https:\/\/www.europesays.com\/fr\/wp-json\/wp\/v2\/posts\/339016\/revisions"}],"wp:featuredmedia":[{"embeddable":true,"href":"https:\/\/www.europesays.com\/fr\/wp-json\/wp\/v2\/media\/339017"}],"wp:attachment":[{"href":"https:\/\/www.europesays.com\/fr\/wp-json\/wp\/v2\/media?parent=339016"}],"wp:term":[{"taxonomy":"category","embeddable":true,"href":"https:\/\/www.europesays.com\/fr\/wp-json\/wp\/v2\/categories?post=339016"},{"taxonomy":"post_tag","embeddable":true,"href":"https:\/\/www.europesays.com\/fr\/wp-json\/wp\/v2\/tags?post=339016"}],"curies":[{"name":"wp","href":"https:\/\/api.w.org\/{rel}","templated":true}]}}