{"id":339020,"date":"2025-08-23T18:02:10","date_gmt":"2025-08-23T18:02:10","guid":{"rendered":"https:\/\/www.europesays.com\/fr\/339020\/"},"modified":"2025-08-23T18:02:10","modified_gmt":"2025-08-23T18:02:10","slug":"la-russie-continue-son-grignotage-alors-que-trump-a-invite-poutine-au-mondial-2026","status":"publish","type":"post","link":"https:\/\/www.europesays.com\/fr\/339020\/","title":{"rendered":"La Russie continue son grignotage alors que Trump a invit\u00e9 Poutine au mondial 2026"},"content":{"rendered":"<p>Vous avez rat\u00e9 les derniers \u00e9v\u00e9nements sur la <a href=\"https:\/\/www.20minutes.fr\/monde\/ukraine\/\" target=\"_blank\" class=\"c-link c-link--is-underlined\" rel=\"nofollow noopener\">guerre en Ukraine<\/a>\u00a0? 20 Minutes fait le point pour vous tous les soirs. Voici l\u2019essentiel de ce samedi 23\u00a0ao\u00fbt, au 1.277e jour du conflit.<\/p>\n<p>Le fait du jour<\/p>\n<p>La <a href=\"https:\/\/www.20minutes.fr\/monde\/russie\/\" target=\"_blank\" class=\"c-link c-link--is-underlined\" rel=\"nofollow noopener\">Russie<\/a> continue de grignoter du terrain sur le front. L\u2019arm\u00e9e russe a revendiqu\u00e9 la prise de deux villages dans la r\u00e9gion de <a href=\"https:\/\/www.20minutes.fr\/dossier\/donetsk\" target=\"_blank\" class=\"c-link c-link--is-underlined\" rel=\"nofollow noopener\">Donetsk<\/a>, dans l\u2019est de l\u2019Ukraine, intensifiant la pression militaire sur le terrain. Dans un communiqu\u00e9 sur Telegram, le minist\u00e8re russe de la D\u00e9fense a affirm\u00e9 avoir captur\u00e9 dans cette r\u00e9gion les localit\u00e9s de Sredne\u00efe et de Kleban-Byk.<\/p>\n<p>La prise de cette derni\u00e8re marque un pas de plus vers la ville de Kostyantynivka, bastion important sur la route de Kramatorsk, point important pour la logistique ukrainienne sur le front de la r\u00e9gion de Donetsk. L\u2019arm\u00e9e russe a accru ses gains territoriaux ces derniers mois face \u00e0 des forces ukrainiennes moins nombreuses et moins bien \u00e9quip\u00e9es.<\/p>\n<\/p>\n<p>Ces avanc\u00e9es se produisent au moment o\u00f9 la perspective d\u2019une rencontre entre les pr\u00e9sidents russe et ukrainien, <a href=\"https:\/\/www.20minutes.fr\/monde\/vladimir_poutine\/\" target=\"_blank\" class=\"c-link c-link--is-underlined\" rel=\"nofollow noopener\">Vladimir Poutine<\/a> et <a href=\"https:\/\/www.20minutes.fr\/monde\/volodymyr-zelensky\/\" target=\"_blank\" class=\"c-link c-link--is-underlined\" rel=\"nofollow noopener\">Volodymyr Zelensky<\/a>, annonc\u00e9e par le dirigeant am\u00e9ricain <a href=\"https:\/\/www.20minutes.fr\/dossier\/donald_trump\" target=\"_blank\" class=\"c-link c-link--is-underlined\" rel=\"nofollow noopener\">Donald Trump<\/a> et visant \u00e0 trouver un r\u00e8glement pacifique du conflit, s\u2019\u00e9loigne.<\/p>\n<p>La d\u00e9claration du jour<\/p>\n<blockquote class=\"mx-m@xs mx-xxl@md color-ultramarine c-citation\">\n<p class=\"font-weight-regular@xs text-italic font-source-serif-pro text-l@xs c-citation__content\">\u00ab\u00a0Qu&rsquo;Emmanuel Macron \u00ab\u00a0y aille lui-m\u00eame\u00a0\u00bb\u00a0\u00a0\u00bb<\/p>\n<\/blockquote>\n<p>La France a convoqu\u00e9 jeudi l\u2019ambassadrice d\u2019Italie en France, Emanuela D\u2019Alessandro, \u00ab\u00a0\u00e0 la suite des propos inacceptables\u00a0\u00bb tenus par le vice-Premier ministre italien <a href=\"https:\/\/www.20minutes.fr\/monde\/matteo-salvini\/\" target=\"_blank\" class=\"c-link c-link--is-underlined\" rel=\"nofollow noopener\">Matteo Salvini<\/a> \u00e0 l\u2019encontre du pr\u00e9sident <a href=\"https:\/\/www.20minutes.fr\/politique\/emmanuel-macron\/\" target=\"_blank\" class=\"c-link c-link--is-underlined\" rel=\"nofollow noopener\">Emmanuel Macron<\/a>.<\/p>\n<p>\u00ab\u00a0Il a \u00e9t\u00e9 rappel\u00e9 \u00e0 l\u2019ambassadrice que ces propos allaient \u00e0 l\u2019encontre du climat de confiance et de la relation historique entre nos deux pays mais aussi des r\u00e9cents d\u00e9veloppements bilat\u00e9raux, qui ont mis en \u00e9vidence des convergences fortes entre les deux pays, notamment s\u2019agissant du soutien sans faille \u00e0 l\u2019Ukraine\u00a0\u00bb, a-t-on pr\u00e9cis\u00e9 de source diplomatique, confirmant une information de la radio France Inter.<\/p>\n<p>Interrog\u00e9 lors d\u2019un d\u00e9placement \u00e0 Milan sur un \u00e9ventuel d\u00e9ploiement de soldats italiens en Ukraine apr\u00e8s un arr\u00eat des hostilit\u00e9s, comme la France et le Royaume-Uni envisagent de le faire, Matteo Salvini avait sugg\u00e9r\u00e9 qu\u2019Emmanuel Macron \u00ab\u00a0y aille lui-m\u00eame\u00a0\u00bb en mettant un casque et prenant un fusil.<\/p>\n<p>La tendance<\/p>\n<p>Vladimir Poutine dans les gradins de la <a href=\"https:\/\/www.20minutes.fr\/sport\/football\/coupe-monde-2026\/\" target=\"_blank\" class=\"c-link c-link--is-underlined\" rel=\"nofollow noopener\">Coupe du monde\u00a02026<\/a>\u00a0? Donald Trump a d\u00e9clar\u00e9 de mani\u00e8re assez \u00e9tonnante que le pr\u00e9sident russe, qui en a selon lui \u00ab\u00a0tr\u00e8s envie\u00a0\u00bb, \u00ab\u00a0pourrait venir ou ne pas venir\u00a0\u00bb assister \u00e0 la comp\u00e9tition sportive dont la Russie est exclue.<\/p>\n<p><a href=\"https:\/\/www.20minutes.fr\/monde\/ukraine\/\" class=\"c-link c-btn c-btn--primary\" rel=\"nofollow noopener\" target=\"_blank\">Retrouvez notre dossier sur la guerre en Ukraine<\/a><\/p>\n<p>Le pr\u00e9sident am\u00e9ricain, apr\u00e8s avoir fouill\u00e9 dans les tiroirs de son bureau, a sorti une photo le montrant en compagnie du dirigeant russe il y a une semaine, pendant leur rencontre en Alaska. Il a indiqu\u00e9 que Vladimir Poutine la lui avait fait parvenir, et a pr\u00e9cis\u00e9 qu\u2019il la signerait pour lui.<\/p>\n<p><\/p>\n","protected":false},"excerpt":{"rendered":"Vous avez rat\u00e9 les derniers \u00e9v\u00e9nements sur la guerre en Ukraine\u00a0? 20 Minutes fait le point pour vous&hellip;\n","protected":false},"author":2,"featured_media":339021,"comment_status":"","ping_status":"","sticky":false,"template":"","format":"standard","meta":{"footnotes":""},"categories":[1590],"tags":[47,11,75,73,1777,674,131,4998,74,1916,12,136,132,1135,220,135,134],"class_list":{"0":"post-339020","1":"post","2":"type-post","3":"status-publish","4":"format-standard","5":"has-post-thumbnail","7":"category-ukraine","8":"tag-actualite","9":"tag-actualites","10":"tag-donald-trump","11":"tag-etats-unis","12":"tag-eu","13":"tag-europe","14":"tag-guerre-en-ukraine","15":"tag-kremlin","16":"tag-monde","17":"tag-moscou","18":"tag-news","19":"tag-otan","20":"tag-russie","21":"tag-serguei-lavrov","22":"tag-ukraine","23":"tag-vladimir-poutine","24":"tag-volodymyr-zelensky"},"share_on_mastodon":{"url":"https:\/\/pubeurope.com\/@fr\/115079397044246917","error":""},"_links":{"self":[{"href":"https:\/\/www.europesays.com\/fr\/wp-json\/wp\/v2\/posts\/339020","targetHints":{"allow":["GET"]}}],"collection":[{"href":"https:\/\/www.europesays.com\/fr\/wp-json\/wp\/v2\/posts"}],"about":[{"href":"https:\/\/www.europesays.com\/fr\/wp-json\/wp\/v2\/types\/post"}],"author":[{"embeddable":true,"href":"https:\/\/www.europesays.com\/fr\/wp-json\/wp\/v2\/users\/2"}],"replies":[{"embeddable":true,"href":"https:\/\/www.europesays.com\/fr\/wp-json\/wp\/v2\/comments?post=339020"}],"version-history":[{"count":0,"href":"https:\/\/www.europesays.com\/fr\/wp-json\/wp\/v2\/posts\/339020\/revisions"}],"wp:featuredmedia":[{"embeddable":true,"href":"https:\/\/www.europesays.com\/fr\/wp-json\/wp\/v2\/media\/339021"}],"wp:attachment":[{"href":"https:\/\/www.europesays.com\/fr\/wp-json\/wp\/v2\/media?parent=339020"}],"wp:term":[{"taxonomy":"category","embeddable":true,"href":"https:\/\/www.europesays.com\/fr\/wp-json\/wp\/v2\/categories?post=339020"},{"taxonomy":"post_tag","embeddable":true,"href":"https:\/\/www.europesays.com\/fr\/wp-json\/wp\/v2\/tags?post=339020"}],"curies":[{"name":"wp","href":"https:\/\/api.w.org\/{rel}","templated":true}]}}